{"id":538,"date":"2018-11-22T08:30:35","date_gmt":"2018-11-22T07:30:35","guid":{"rendered":"https:\/\/arquitectura.udd.cl\/cic\/?p=538"},"modified":"2022-12-07T18:59:45","modified_gmt":"2022-12-07T17:59:45","slug":"arquitectura-realizo-encuentro-chileno-nordico-sobre-smart-cities","status":"publish","type":"post","link":"https:\/\/arquitectura.udd.cl\/cic\/2018\/11\/22\/arquitectura-realizo-encuentro-chileno-nordico-sobre-smart-cities\/","title":{"rendered":"Arquitectura realiz\u00f3 Encuentro Chileno-N\u00f3rdico sobre Smart Cities"},"content":{"rendered":"\n<p><em>Gran convocatoria tuvo la actividad en la que expuso como invitado internacional Thomas Stoll, director de Planificaci\u00f3n de la Administraci\u00f3n de Estocolmo.<\/em><\/p>\n\n\n\n<figure class=\"wp-block-gallery has-nested-images columns-2 is-cropped wp-block-gallery-1 is-layout-flex wp-block-gallery-is-layout-flex\">\n<figure class=\"wp-block-image size-large is-style-default\"><img loading=\"lazy\" decoding=\"async\" width=\"1024\" height=\"576\" data-id=\"541\" src=\"https:\/\/arquitectura.udd.cl\/cic\/files\/2022\/12\/img-4924-1366x768-1-1024x576.jpg\" alt=\"\" class=\"wp-image-541\" srcset=\"https:\/\/arquitectura.udd.cl\/cic\/files\/2022\/12\/img-4924-1366x768-1-1024x576.jpg 1024w, https:\/\/arquitectura.udd.cl\/cic\/files\/2022\/12\/img-4924-1366x768-1-300x169.jpg 300w, https:\/\/arquitectura.udd.cl\/cic\/files\/2022\/12\/img-4924-1366x768-1-768x432.jpg 768w, https:\/\/arquitectura.udd.cl\/cic\/files\/2022\/12\/img-4924-1366x768-1-680x382.jpg 680w, https:\/\/arquitectura.udd.cl\/cic\/files\/2022\/12\/img-4924-1366x768-1.jpg 1366w\" sizes=\"auto, (max-width: 1024px) 100vw, 1024px\" \/><\/figure>\n\n\n\n<figure class=\"wp-block-image size-large\"><img loading=\"lazy\" decoding=\"async\" width=\"1366\" height=\"768\" data-id=\"540\" src=\"https:\/\/arquitectura.udd.cl\/cic\/files\/2022\/12\/img-4917-1366x768-1.jpg\" alt=\"\" class=\"wp-image-540\" srcset=\"https:\/\/arquitectura.udd.cl\/cic\/files\/2022\/12\/img-4917-1366x768-1.jpg 1366w, https:\/\/arquitectura.udd.cl\/cic\/files\/2022\/12\/img-4917-1366x768-1-300x169.jpg 300w, https:\/\/arquitectura.udd.cl\/cic\/files\/2022\/12\/img-4917-1366x768-1-1024x576.jpg 1024w, https:\/\/arquitectura.udd.cl\/cic\/files\/2022\/12\/img-4917-1366x768-1-768x432.jpg 768w, https:\/\/arquitectura.udd.cl\/cic\/files\/2022\/12\/img-4917-1366x768-1-952x534.jpg 952w, https:\/\/arquitectura.udd.cl\/cic\/files\/2022\/12\/img-4917-1366x768-1-680x382.jpg 680w\" sizes=\"auto, (max-width: 1366px) 100vw, 1366px\" \/><\/figure>\n\n\n\n<figure class=\"wp-block-image size-large\"><img loading=\"lazy\" decoding=\"async\" width=\"1366\" height=\"768\" data-id=\"547\" src=\"https:\/\/arquitectura.udd.cl\/cic\/files\/2022\/12\/img-4967-1366x768-1.jpg\" alt=\"\" class=\"wp-image-547\" srcset=\"https:\/\/arquitectura.udd.cl\/cic\/files\/2022\/12\/img-4967-1366x768-1.jpg 1366w, https:\/\/arquitectura.udd.cl\/cic\/files\/2022\/12\/img-4967-1366x768-1-300x169.jpg 300w, https:\/\/arquitectura.udd.cl\/cic\/files\/2022\/12\/img-4967-1366x768-1-1024x576.jpg 1024w, https:\/\/arquitectura.udd.cl\/cic\/files\/2022\/12\/img-4967-1366x768-1-768x432.jpg 768w, https:\/\/arquitectura.udd.cl\/cic\/files\/2022\/12\/img-4967-1366x768-1-952x534.jpg 952w, https:\/\/arquitectura.udd.cl\/cic\/files\/2022\/12\/img-4967-1366x768-1-680x382.jpg 680w\" sizes=\"auto, (max-width: 1366px) 100vw, 1366px\" \/><\/figure>\n\n\n\n<figure class=\"wp-block-image size-large\"><img loading=\"lazy\" decoding=\"async\" width=\"1366\" height=\"768\" data-id=\"544\" src=\"https:\/\/arquitectura.udd.cl\/cic\/files\/2022\/12\/img-4943-1366x768-1.jpg\" alt=\"\" class=\"wp-image-544\" srcset=\"https:\/\/arquitectura.udd.cl\/cic\/files\/2022\/12\/img-4943-1366x768-1.jpg 1366w, https:\/\/arquitectura.udd.cl\/cic\/files\/2022\/12\/img-4943-1366x768-1-300x169.jpg 300w, https:\/\/arquitectura.udd.cl\/cic\/files\/2022\/12\/img-4943-1366x768-1-1024x576.jpg 1024w, https:\/\/arquitectura.udd.cl\/cic\/files\/2022\/12\/img-4943-1366x768-1-768x432.jpg 768w, https:\/\/arquitectura.udd.cl\/cic\/files\/2022\/12\/img-4943-1366x768-1-952x534.jpg 952w, https:\/\/arquitectura.udd.cl\/cic\/files\/2022\/12\/img-4943-1366x768-1-680x382.jpg 680w\" sizes=\"auto, (max-width: 1366px) 100vw, 1366px\" \/><\/figure>\n\n\n\n<figure class=\"wp-block-image size-large\"><img loading=\"lazy\" decoding=\"async\" width=\"1366\" height=\"768\" data-id=\"542\" src=\"https:\/\/arquitectura.udd.cl\/cic\/files\/2022\/12\/img-4934-1366x768-1.jpg\" alt=\"\" class=\"wp-image-542\" srcset=\"https:\/\/arquitectura.udd.cl\/cic\/files\/2022\/12\/img-4934-1366x768-1.jpg 1366w, https:\/\/arquitectura.udd.cl\/cic\/files\/2022\/12\/img-4934-1366x768-1-300x169.jpg 300w, https:\/\/arquitectura.udd.cl\/cic\/files\/2022\/12\/img-4934-1366x768-1-1024x576.jpg 1024w, https:\/\/arquitectura.udd.cl\/cic\/files\/2022\/12\/img-4934-1366x768-1-768x432.jpg 768w, https:\/\/arquitectura.udd.cl\/cic\/files\/2022\/12\/img-4934-1366x768-1-952x534.jpg 952w, https:\/\/arquitectura.udd.cl\/cic\/files\/2022\/12\/img-4934-1366x768-1-680x382.jpg 680w\" sizes=\"auto, (max-width: 1366px) 100vw, 1366px\" \/><\/figure>\n\n\n\n<figure class=\"wp-block-image size-large\"><img loading=\"lazy\" decoding=\"async\" width=\"1366\" height=\"768\" data-id=\"548\" src=\"https:\/\/arquitectura.udd.cl\/cic\/files\/2022\/12\/img-4935-1366x768-1.jpg\" alt=\"\" class=\"wp-image-548\" srcset=\"https:\/\/arquitectura.udd.cl\/cic\/files\/2022\/12\/img-4935-1366x768-1.jpg 1366w, https:\/\/arquitectura.udd.cl\/cic\/files\/2022\/12\/img-4935-1366x768-1-300x169.jpg 300w, https:\/\/arquitectura.udd.cl\/cic\/files\/2022\/12\/img-4935-1366x768-1-1024x576.jpg 1024w, https:\/\/arquitectura.udd.cl\/cic\/files\/2022\/12\/img-4935-1366x768-1-768x432.jpg 768w, https:\/\/arquitectura.udd.cl\/cic\/files\/2022\/12\/img-4935-1366x768-1-952x534.jpg 952w, https:\/\/arquitectura.udd.cl\/cic\/files\/2022\/12\/img-4935-1366x768-1-680x382.jpg 680w\" sizes=\"auto, (max-width: 1366px) 100vw, 1366px\" \/><\/figure>\n<\/figure>\n\n\n\n<p>Como un espacio de conversaci\u00f3n e intercambio de buenas pr\u00e1cticas que impulsen el desarrollo de ciudades m\u00e1s inteligentes y sostenibles, se llev\u00f3 a cabo el&nbsp;<strong>Encuentro Chileno-N\u00f3rdico sobre Smart Cities<\/strong>, organizado por el Centro de Innovaci\u00f3n en Ciudades de la Facultad de Arquitectura de la Universidad del Desarrollo (UDD), la C\u00e1mara Chilena de la Construcci\u00f3n (CChC), las embajadas de Suecia, Dinamarca, Finlandia y Noruega, y la Agencia de Cooperaci\u00f3n N\u00f3rdica.<\/p>\n\n\n\n<p>En la oportunidad, expuso como invitado internacional el director de Planificaci\u00f3n de la Administraci\u00f3n de Estocolmo,&nbsp;<strong>Thomas Stoll<\/strong>, quien comparti\u00f3 su experiencia en el dise\u00f1o residencial hasta la rehabilitaci\u00f3n urbana y el desarrollo comercial.<\/p>\n\n\n\n<p>Stoll asegur\u00f3 que la ciudad debe planificarse desde una mirada hol\u00edstica que incluya educaci\u00f3n, bienestar social, innovaci\u00f3n tecnol\u00f3gica y multifuncionalidad, y asegur\u00f3 que para avanzar hacia el desarrollo sostenible y futuro urbano es necesario que exista una visi\u00f3n integral de largo plazo, enfocarse en un alto nivel, trabajar desde lo local a lo global, y con liderazgo y gesti\u00f3n como factores claves, adem\u00e1s de considerar a las personas y promover permanentemente la cooperaci\u00f3n.<\/p>\n\n\n\n<p>Por su parte, la embajadora de Noruega,&nbsp;<strong>Beate Stiro<\/strong>, puso el foco en el medioambiente y asegur\u00f3 que \u201clas ciudades son una parte fundamental de la ecuaci\u00f3n de la problem\u00e1tica ambiental. El 55% de la poblaci\u00f3n global vive en ciudades y, seg\u00fan las proyecciones de la ONU, el 68% lo har\u00e1 para el 2050\u201d.<\/p>\n\n\n\n<p>El encuentro se desarroll\u00f3 en el auditorio de la CChC, donde el vicepresidente de la entidad,&nbsp;<strong>Juan Armando Vicu\u00f1a<\/strong>, explic\u00f3 que la relevancia de este tipo de actividades se da en que \u201ca lo largo de estos \u00faltimos 15 a\u00f1os Chile y la forma de vivir de sus habitantes experiment\u00f3 un profundo cambio. La poblaci\u00f3n urbana creci\u00f3, la esperanza de vida aument\u00f3, el promedio de hijos por mujer baj\u00f3, la cantidad de habitantes por hogar se redujo, las ciudades se volvieron m\u00e1s densas y la migraci\u00f3n diversific\u00f3 los barrios\u201d.<\/p>\n\n\n\n<p>Luego, el vicedecano de la Facultad de Arquitectura y Arte UDD,&nbsp;<strong>\u00d3scar Mackenney<\/strong>, reflexion\u00f3 sobre el sentido de las urbes: \u201cvivimos una encrucijada y una situaci\u00f3n de desborde de la capital y ciudades de la regi\u00f3n. Se necesitan dosis de equilibrada inteligencia y de sabidur\u00eda, as\u00ed como de voluntad y fe en lo que se est\u00e1 haciendo. Esta es una oportunidad para ello y apostar fuerte para alcanzar soluciones aut\u00e9nticas, originales, genuinas, para que lo virtuoso prime sobre los suced\u00e1neos y los espejismos\u201d.<\/p>\n\n\n\n<p>En la segunda parte del Encuentro Chileno-N\u00f3rdico sobre Smart Cities, se realizaron tres paneles de conversaci\u00f3n de forma simult\u00e1nea integrados por expertos de diversas industrias sobre\u00a0<strong>Electromovilidad<\/strong>,\u00a0<strong>Gesti\u00f3n de Residuos<\/strong>\u00a0y\u00a0<strong>Construcci\u00f3n Sustentable.<\/strong><\/p>\n\n\n\n<figure class=\"wp-block-gallery has-nested-images columns-default is-cropped wp-block-gallery-2 is-layout-flex wp-block-gallery-is-layout-flex\">\n<figure class=\"wp-block-image size-large\"><img loading=\"lazy\" decoding=\"async\" width=\"2560\" height=\"1419\" data-id=\"259\" src=\"https:\/\/arquitectura.udd.cl\/cic\/files\/2018\/11\/INVITACI\u00d3N-Smart-Cities-scaled.jpg\" alt=\"\" class=\"wp-image-259\" srcset=\"https:\/\/arquitectura.udd.cl\/cic\/files\/2018\/11\/INVITACI\u00d3N-Smart-Cities-scaled.jpg 2560w, https:\/\/arquitectura.udd.cl\/cic\/files\/2018\/11\/INVITACI\u00d3N-Smart-Cities-300x166.jpg 300w, https:\/\/arquitectura.udd.cl\/cic\/files\/2018\/11\/INVITACI\u00d3N-Smart-Cities-1024x567.jpg 1024w, https:\/\/arquitectura.udd.cl\/cic\/files\/2018\/11\/INVITACI\u00d3N-Smart-Cities-768x426.jpg 768w, https:\/\/arquitectura.udd.cl\/cic\/files\/2018\/11\/INVITACI\u00d3N-Smart-Cities-1536x851.jpg 1536w, https:\/\/arquitectura.udd.cl\/cic\/files\/2018\/11\/INVITACI\u00d3N-Smart-Cities-2048x1135.jpg 2048w\" sizes=\"auto, (max-width: 2560px) 100vw, 2560px\" \/><\/figure>\n<\/figure>\n","protected":false},"excerpt":{"rendered":"<p>Gran convocatoria tuvo la actividad en la que expuso como invitado internacional Thomas Stoll, director de Planificaci\u00f3n de la Administraci\u00f3n de Estocolmo. Como un espacio de conversaci\u00f3n e intercambio de buenas pr\u00e1cticas que impulsen el desarrollo de ciudades m\u00e1s inteligentes y sostenibles, se llev\u00f3 a cabo el&nbsp;Encuentro Chileno-N\u00f3rdico sobre Smart Cities, organizado por el Centro [&hellip;]<\/p>\n","protected":false},"author":9192204,"featured_media":541,"comment_status":"open","ping_status":"open","sticky":false,"template":"","format":"standard","meta":{"footnotes":""},"categories":[3],"tags":[],"class_list":["post-538","post","type-post","status-publish","format-standard","has-post-thumbnail","hentry","category-noticias"],"yoast_head":"<!-- This site is optimized with the Yoast SEO plugin v26.9 - https:\/\/yoast.com\/product\/yoast-seo-wordpress\/ -->\n<title>Arquitectura realiz\u00f3 Encuentro Chileno-N\u00f3rdico sobre Smart Cities - Centro de Innovaci\u00f3n en Ciudades UDD<\/title>\n<meta name=\"robots\" content=\"index, follow, max-snippet:-1, max-image-preview:large, max-video-preview:-1\" \/>\n<link rel=\"canonical\" href=\"https:\/\/arquitectura.udd.cl\/cic\/2018\/11\/22\/arquitectura-realizo-encuentro-chileno-nordico-sobre-smart-cities\/\" \/>\n<meta property=\"og:locale\" content=\"es_ES\" \/>\n<meta property=\"og:type\" content=\"article\" \/>\n<meta property=\"og:title\" content=\"Arquitectura realiz\u00f3 Encuentro Chileno-N\u00f3rdico sobre Smart Cities - Centro de Innovaci\u00f3n en Ciudades UDD\" \/>\n<meta property=\"og:description\" content=\"Gran convocatoria tuvo la actividad en la que expuso como invitado internacional Thomas Stoll, director de Planificaci\u00f3n de la Administraci\u00f3n de Estocolmo. Como un espacio de conversaci\u00f3n e intercambio de buenas pr\u00e1cticas que impulsen el desarrollo de ciudades m\u00e1s inteligentes y sostenibles, se llev\u00f3 a cabo el&nbsp;Encuentro Chileno-N\u00f3rdico sobre Smart Cities, organizado por el Centro [&hellip;]\" \/>\n<meta property=\"og:url\" content=\"https:\/\/arquitectura.udd.cl\/cic\/2018\/11\/22\/arquitectura-realizo-encuentro-chileno-nordico-sobre-smart-cities\/\" \/>\n<meta property=\"og:site_name\" content=\"Centro de Innovaci\u00f3n en Ciudades UDD\" \/>\n<meta property=\"article:published_time\" content=\"2018-11-22T07:30:35+00:00\" \/>\n<meta property=\"article:modified_time\" content=\"2022-12-07T17:59:45+00:00\" \/>\n<meta property=\"og:image\" content=\"https:\/\/arquitectura.udd.cl\/cic\/files\/2022\/12\/img-4924-1366x768-1.jpg\" \/>\n\t<meta property=\"og:image:width\" content=\"1366\" \/>\n\t<meta property=\"og:image:height\" content=\"768\" \/>\n\t<meta property=\"og:image:type\" content=\"image\/jpeg\" \/>\n<meta name=\"author\" content=\"cobregon\" \/>\n<meta name=\"twitter:card\" content=\"summary_large_image\" \/>\n<meta name=\"twitter:label1\" content=\"Escrito por\" \/>\n\t<meta name=\"twitter:data1\" content=\"cobregon\" \/>\n\t<meta name=\"twitter:label2\" content=\"Tiempo de lectura\" \/>\n\t<meta name=\"twitter:data2\" content=\"4 minutos\" \/>\n<script type=\"application\/ld+json\" class=\"yoast-schema-graph\">{\"@context\":\"https:\/\/schema.org\",\"@graph\":[{\"@type\":\"Article\",\"@id\":\"https:\/\/arquitectura.udd.cl\/cic\/2018\/11\/22\/arquitectura-realizo-encuentro-chileno-nordico-sobre-smart-cities\/#article\",\"isPartOf\":{\"@id\":\"https:\/\/arquitectura.udd.cl\/cic\/2018\/11\/22\/arquitectura-realizo-encuentro-chileno-nordico-sobre-smart-cities\/\"},\"author\":{\"name\":\"cobregon\",\"@id\":\"https:\/\/arquitectura.udd.cl\/cic\/#\/schema\/person\/57f083da93216e68203d687897c20d72\"},\"headline\":\"Arquitectura realiz\u00f3 Encuentro Chileno-N\u00f3rdico sobre Smart Cities\",\"datePublished\":\"2018-11-22T07:30:35+00:00\",\"dateModified\":\"2022-12-07T17:59:45+00:00\",\"mainEntityOfPage\":{\"@id\":\"https:\/\/arquitectura.udd.cl\/cic\/2018\/11\/22\/arquitectura-realizo-encuentro-chileno-nordico-sobre-smart-cities\/\"},\"wordCount\":509,\"commentCount\":0,\"image\":{\"@id\":\"https:\/\/arquitectura.udd.cl\/cic\/2018\/11\/22\/arquitectura-realizo-encuentro-chileno-nordico-sobre-smart-cities\/#primaryimage\"},\"thumbnailUrl\":\"https:\/\/arquitectura.udd.cl\/cic\/files\/2022\/12\/img-4924-1366x768-1.jpg\",\"articleSection\":[\"Noticias\"],\"inLanguage\":\"es\",\"potentialAction\":[{\"@type\":\"CommentAction\",\"name\":\"Comment\",\"target\":[\"https:\/\/arquitectura.udd.cl\/cic\/2018\/11\/22\/arquitectura-realizo-encuentro-chileno-nordico-sobre-smart-cities\/#respond\"]}]},{\"@type\":\"WebPage\",\"@id\":\"https:\/\/arquitectura.udd.cl\/cic\/2018\/11\/22\/arquitectura-realizo-encuentro-chileno-nordico-sobre-smart-cities\/\",\"url\":\"https:\/\/arquitectura.udd.cl\/cic\/2018\/11\/22\/arquitectura-realizo-encuentro-chileno-nordico-sobre-smart-cities\/\",\"name\":\"Arquitectura realiz\u00f3 Encuentro Chileno-N\u00f3rdico sobre Smart Cities - Centro de Innovaci\u00f3n en Ciudades UDD\",\"isPartOf\":{\"@id\":\"https:\/\/arquitectura.udd.cl\/cic\/#website\"},\"primaryImageOfPage\":{\"@id\":\"https:\/\/arquitectura.udd.cl\/cic\/2018\/11\/22\/arquitectura-realizo-encuentro-chileno-nordico-sobre-smart-cities\/#primaryimage\"},\"image\":{\"@id\":\"https:\/\/arquitectura.udd.cl\/cic\/2018\/11\/22\/arquitectura-realizo-encuentro-chileno-nordico-sobre-smart-cities\/#primaryimage\"},\"thumbnailUrl\":\"https:\/\/arquitectura.udd.cl\/cic\/files\/2022\/12\/img-4924-1366x768-1.jpg\",\"datePublished\":\"2018-11-22T07:30:35+00:00\",\"dateModified\":\"2022-12-07T17:59:45+00:00\",\"author\":{\"@id\":\"https:\/\/arquitectura.udd.cl\/cic\/#\/schema\/person\/57f083da93216e68203d687897c20d72\"},\"breadcrumb\":{\"@id\":\"https:\/\/arquitectura.udd.cl\/cic\/2018\/11\/22\/arquitectura-realizo-encuentro-chileno-nordico-sobre-smart-cities\/#breadcrumb\"},\"inLanguage\":\"es\",\"potentialAction\":[{\"@type\":\"ReadAction\",\"target\":[\"https:\/\/arquitectura.udd.cl\/cic\/2018\/11\/22\/arquitectura-realizo-encuentro-chileno-nordico-sobre-smart-cities\/\"]}]},{\"@type\":\"ImageObject\",\"inLanguage\":\"es\",\"@id\":\"https:\/\/arquitectura.udd.cl\/cic\/2018\/11\/22\/arquitectura-realizo-encuentro-chileno-nordico-sobre-smart-cities\/#primaryimage\",\"url\":\"https:\/\/arquitectura.udd.cl\/cic\/files\/2022\/12\/img-4924-1366x768-1.jpg\",\"contentUrl\":\"https:\/\/arquitectura.udd.cl\/cic\/files\/2022\/12\/img-4924-1366x768-1.jpg\",\"width\":1366,\"height\":768},{\"@type\":\"BreadcrumbList\",\"@id\":\"https:\/\/arquitectura.udd.cl\/cic\/2018\/11\/22\/arquitectura-realizo-encuentro-chileno-nordico-sobre-smart-cities\/#breadcrumb\",\"itemListElement\":[{\"@type\":\"ListItem\",\"position\":1,\"name\":\"Portada\",\"item\":\"https:\/\/arquitectura.udd.cl\/cic\/\"},{\"@type\":\"ListItem\",\"position\":2,\"name\":\"Arquitectura realiz\u00f3 Encuentro Chileno-N\u00f3rdico sobre Smart Cities\"}]},{\"@type\":\"WebSite\",\"@id\":\"https:\/\/arquitectura.udd.cl\/cic\/#website\",\"url\":\"https:\/\/arquitectura.udd.cl\/cic\/\",\"name\":\"Centro de Innovaci\u00f3n en Ciudades UDD\",\"description\":\"\",\"inLanguage\":\"es\"},{\"@type\":\"Person\",\"@id\":\"https:\/\/arquitectura.udd.cl\/cic\/#\/schema\/person\/57f083da93216e68203d687897c20d72\",\"name\":\"cobregon\",\"image\":{\"@type\":\"ImageObject\",\"inLanguage\":\"es\",\"@id\":\"https:\/\/arquitectura.udd.cl\/cic\/#\/schema\/person\/image\/\",\"url\":\"https:\/\/secure.gravatar.com\/avatar\/f692f506aa28f46a9adc212c65edfecb7befb380f9419de99c43a8b98fd5177c?s=96&d=mm&r=g\",\"contentUrl\":\"https:\/\/secure.gravatar.com\/avatar\/f692f506aa28f46a9adc212c65edfecb7befb380f9419de99c43a8b98fd5177c?s=96&d=mm&r=g\",\"caption\":\"cobregon\"},\"url\":\"https:\/\/arquitectura.udd.cl\/cic\/author\/cobregon\/\"}]}<\/script>\n<!-- \/ Yoast SEO plugin. -->","yoast_head_json":{"title":"Arquitectura realiz\u00f3 Encuentro Chileno-N\u00f3rdico sobre Smart Cities - Centro de Innovaci\u00f3n en Ciudades UDD","robots":{"index":"index","follow":"follow","max-snippet":"max-snippet:-1","max-image-preview":"max-image-preview:large","max-video-preview":"max-video-preview:-1"},"canonical":"https:\/\/arquitectura.udd.cl\/cic\/2018\/11\/22\/arquitectura-realizo-encuentro-chileno-nordico-sobre-smart-cities\/","og_locale":"es_ES","og_type":"article","og_title":"Arquitectura realiz\u00f3 Encuentro Chileno-N\u00f3rdico sobre Smart Cities - Centro de Innovaci\u00f3n en Ciudades UDD","og_description":"Gran convocatoria tuvo la actividad en la que expuso como invitado internacional Thomas Stoll, director de Planificaci\u00f3n de la Administraci\u00f3n de Estocolmo. Como un espacio de conversaci\u00f3n e intercambio de buenas pr\u00e1cticas que impulsen el desarrollo de ciudades m\u00e1s inteligentes y sostenibles, se llev\u00f3 a cabo el&nbsp;Encuentro Chileno-N\u00f3rdico sobre Smart Cities, organizado por el Centro [&hellip;]","og_url":"https:\/\/arquitectura.udd.cl\/cic\/2018\/11\/22\/arquitectura-realizo-encuentro-chileno-nordico-sobre-smart-cities\/","og_site_name":"Centro de Innovaci\u00f3n en Ciudades UDD","article_published_time":"2018-11-22T07:30:35+00:00","article_modified_time":"2022-12-07T17:59:45+00:00","og_image":[{"width":1366,"height":768,"url":"https:\/\/arquitectura.udd.cl\/cic\/files\/2022\/12\/img-4924-1366x768-1.jpg","type":"image\/jpeg"}],"author":"cobregon","twitter_card":"summary_large_image","twitter_misc":{"Escrito por":"cobregon","Tiempo de lectura":"4 minutos"},"schema":{"@context":"https:\/\/schema.org","@graph":[{"@type":"Article","@id":"https:\/\/arquitectura.udd.cl\/cic\/2018\/11\/22\/arquitectura-realizo-encuentro-chileno-nordico-sobre-smart-cities\/#article","isPartOf":{"@id":"https:\/\/arquitectura.udd.cl\/cic\/2018\/11\/22\/arquitectura-realizo-encuentro-chileno-nordico-sobre-smart-cities\/"},"author":{"name":"cobregon","@id":"https:\/\/arquitectura.udd.cl\/cic\/#\/schema\/person\/57f083da93216e68203d687897c20d72"},"headline":"Arquitectura realiz\u00f3 Encuentro Chileno-N\u00f3rdico sobre Smart Cities","datePublished":"2018-11-22T07:30:35+00:00","dateModified":"2022-12-07T17:59:45+00:00","mainEntityOfPage":{"@id":"https:\/\/arquitectura.udd.cl\/cic\/2018\/11\/22\/arquitectura-realizo-encuentro-chileno-nordico-sobre-smart-cities\/"},"wordCount":509,"commentCount":0,"image":{"@id":"https:\/\/arquitectura.udd.cl\/cic\/2018\/11\/22\/arquitectura-realizo-encuentro-chileno-nordico-sobre-smart-cities\/#primaryimage"},"thumbnailUrl":"https:\/\/arquitectura.udd.cl\/cic\/files\/2022\/12\/img-4924-1366x768-1.jpg","articleSection":["Noticias"],"inLanguage":"es","potentialAction":[{"@type":"CommentAction","name":"Comment","target":["https:\/\/arquitectura.udd.cl\/cic\/2018\/11\/22\/arquitectura-realizo-encuentro-chileno-nordico-sobre-smart-cities\/#respond"]}]},{"@type":"WebPage","@id":"https:\/\/arquitectura.udd.cl\/cic\/2018\/11\/22\/arquitectura-realizo-encuentro-chileno-nordico-sobre-smart-cities\/","url":"https:\/\/arquitectura.udd.cl\/cic\/2018\/11\/22\/arquitectura-realizo-encuentro-chileno-nordico-sobre-smart-cities\/","name":"Arquitectura realiz\u00f3 Encuentro Chileno-N\u00f3rdico sobre Smart Cities - Centro de Innovaci\u00f3n en Ciudades UDD","isPartOf":{"@id":"https:\/\/arquitectura.udd.cl\/cic\/#website"},"primaryImageOfPage":{"@id":"https:\/\/arquitectura.udd.cl\/cic\/2018\/11\/22\/arquitectura-realizo-encuentro-chileno-nordico-sobre-smart-cities\/#primaryimage"},"image":{"@id":"https:\/\/arquitectura.udd.cl\/cic\/2018\/11\/22\/arquitectura-realizo-encuentro-chileno-nordico-sobre-smart-cities\/#primaryimage"},"thumbnailUrl":"https:\/\/arquitectura.udd.cl\/cic\/files\/2022\/12\/img-4924-1366x768-1.jpg","datePublished":"2018-11-22T07:30:35+00:00","dateModified":"2022-12-07T17:59:45+00:00","author":{"@id":"https:\/\/arquitectura.udd.cl\/cic\/#\/schema\/person\/57f083da93216e68203d687897c20d72"},"breadcrumb":{"@id":"https:\/\/arquitectura.udd.cl\/cic\/2018\/11\/22\/arquitectura-realizo-encuentro-chileno-nordico-sobre-smart-cities\/#breadcrumb"},"inLanguage":"es","potentialAction":[{"@type":"ReadAction","target":["https:\/\/arquitectura.udd.cl\/cic\/2018\/11\/22\/arquitectura-realizo-encuentro-chileno-nordico-sobre-smart-cities\/"]}]},{"@type":"ImageObject","inLanguage":"es","@id":"https:\/\/arquitectura.udd.cl\/cic\/2018\/11\/22\/arquitectura-realizo-encuentro-chileno-nordico-sobre-smart-cities\/#primaryimage","url":"https:\/\/arquitectura.udd.cl\/cic\/files\/2022\/12\/img-4924-1366x768-1.jpg","contentUrl":"https:\/\/arquitectura.udd.cl\/cic\/files\/2022\/12\/img-4924-1366x768-1.jpg","width":1366,"height":768},{"@type":"BreadcrumbList","@id":"https:\/\/arquitectura.udd.cl\/cic\/2018\/11\/22\/arquitectura-realizo-encuentro-chileno-nordico-sobre-smart-cities\/#breadcrumb","itemListElement":[{"@type":"ListItem","position":1,"name":"Portada","item":"https:\/\/arquitectura.udd.cl\/cic\/"},{"@type":"ListItem","position":2,"name":"Arquitectura realiz\u00f3 Encuentro Chileno-N\u00f3rdico sobre Smart Cities"}]},{"@type":"WebSite","@id":"https:\/\/arquitectura.udd.cl\/cic\/#website","url":"https:\/\/arquitectura.udd.cl\/cic\/","name":"Centro de Innovaci\u00f3n en Ciudades UDD","description":"","inLanguage":"es"},{"@type":"Person","@id":"https:\/\/arquitectura.udd.cl\/cic\/#\/schema\/person\/57f083da93216e68203d687897c20d72","name":"cobregon","image":{"@type":"ImageObject","inLanguage":"es","@id":"https:\/\/arquitectura.udd.cl\/cic\/#\/schema\/person\/image\/","url":"https:\/\/secure.gravatar.com\/avatar\/f692f506aa28f46a9adc212c65edfecb7befb380f9419de99c43a8b98fd5177c?s=96&d=mm&r=g","contentUrl":"https:\/\/secure.gravatar.com\/avatar\/f692f506aa28f46a9adc212c65edfecb7befb380f9419de99c43a8b98fd5177c?s=96&d=mm&r=g","caption":"cobregon"},"url":"https:\/\/arquitectura.udd.cl\/cic\/author\/cobregon\/"}]}},"featured_image_url":"https:\/\/arquitectura.udd.cl\/cic\/files\/2022\/12\/img-4924-1366x768-1.jpg","_links":{"self":[{"href":"https:\/\/arquitectura.udd.cl\/cic\/wp-json\/wp\/v2\/posts\/538","targetHints":{"allow":["GET"]}}],"collection":[{"href":"https:\/\/arquitectura.udd.cl\/cic\/wp-json\/wp\/v2\/posts"}],"about":[{"href":"https:\/\/arquitectura.udd.cl\/cic\/wp-json\/wp\/v2\/types\/post"}],"author":[{"embeddable":true,"href":"https:\/\/arquitectura.udd.cl\/cic\/wp-json\/wp\/v2\/users\/9192204"}],"replies":[{"embeddable":true,"href":"https:\/\/arquitectura.udd.cl\/cic\/wp-json\/wp\/v2\/comments?post=538"}],"version-history":[{"count":2,"href":"https:\/\/arquitectura.udd.cl\/cic\/wp-json\/wp\/v2\/posts\/538\/revisions"}],"predecessor-version":[{"id":553,"href":"https:\/\/arquitectura.udd.cl\/cic\/wp-json\/wp\/v2\/posts\/538\/revisions\/553"}],"wp:featuredmedia":[{"embeddable":true,"href":"https:\/\/arquitectura.udd.cl\/cic\/wp-json\/wp\/v2\/media\/541"}],"wp:attachment":[{"href":"https:\/\/arquitectura.udd.cl\/cic\/wp-json\/wp\/v2\/media?parent=538"}],"wp:term":[{"taxonomy":"category","embeddable":true,"href":"https:\/\/arquitectura.udd.cl\/cic\/wp-json\/wp\/v2\/categories?post=538"},{"taxonomy":"post_tag","embeddable":true,"href":"https:\/\/arquitectura.udd.cl\/cic\/wp-json\/wp\/v2\/tags?post=538"}],"curies":[{"name":"wp","href":"https:\/\/api.w.org\/{rel}","templated":true}]}}