{"id":532,"date":"2021-12-17T08:30:32","date_gmt":"2021-12-17T07:30:32","guid":{"rendered":"https:\/\/arquitectura.udd.cl\/cic\/?p=532"},"modified":"2022-12-07T18:31:31","modified_gmt":"2022-12-07T17:31:31","slug":"udd-y-fundacion-enel-desarrollaran-el-proyecto-chile-territorio-futuro","status":"publish","type":"post","link":"https:\/\/arquitectura.udd.cl\/cic\/2021\/12\/17\/udd-y-fundacion-enel-desarrollaran-el-proyecto-chile-territorio-futuro\/","title":{"rendered":"UDD y Fundaci\u00f3n Enel desarrollar\u00e1n el proyecto \u201cChile Territorio Futuro\u201d"},"content":{"rendered":"\n<p>Con el objetivo de abordar grandes temas que debe enfrentar Chile de cara al 2030, generando instancias de di\u00e1logo, propuestas y herramientas que aporten a la discusi\u00f3n p\u00fablica sobre el futuro del pa\u00eds, la Universidad del Desarrollo (UDD) y Fundaci\u00f3n Enel llevar\u00e1n a cabo el innovador proyecto \u201cChile Territorio Futuro\u201d, el que ser\u00e1 coordinado por el Centro de Innovaci\u00f3n en Ciudades de la Facultad de Arquitectura UDD.<\/p>\n\n\n\n<p>Esta instancia buscar\u00e1 generar un espacio de di\u00e1logo de actores relevantes y convocatoria amplia y participativa, a trav\u00e9s de seminarios, charlas y otros encuentros. Contara tambi\u00e9n con una plataforma web innovadora para generar debate en torno a los escenarios de largo plazo y desde donde surgir\u00e1n las preguntas y tem\u00e1ticas clave para el futuro de Chile.&nbsp;<\/p>\n\n\n\n<p>Estos temas incluyen, por ejemplo, la construcci\u00f3n de entornos capaces de generar bienestar, prosperidad y calidad de vida, con un foco en las personas y en los barrios; escenarios de cambio clim\u00e1tico para cuantificar riesgos y proponer reflexiones pr\u00e1cticas para reducirlos; transici\u00f3n ecol\u00f3gica que redefine la matriz de producci\u00f3n y consumo para avanzar hacia sistemas de mitigaci\u00f3n circulares de cero emisiones netas, entre otros.<\/p>\n\n\n\n<p>&nbsp;\u201c<em>A trav\u00e9s de este proyecto, la UDD &nbsp;-con el apoyo cient\u00edfico de Fundaci\u00f3n Enel- espera contribuir al futuro de nuestro Chile y la regi\u00f3n generando informaci\u00f3n relevante, desde un amplio espacio de conversaci\u00f3n, explorando oportunidades de innovaci\u00f3n, influyendo en el desarrollo de pol\u00edticas p\u00fablicas, formando ciudadanos con la responsabilidad social necesaria para crear valor sostenible e impactar positivamente a las distintas comunidades que conviven en nuestro Territorio\u201d,<\/em>&nbsp;sostuvo&nbsp;<strong>Federico Vald\u00e9s,<\/strong>&nbsp;rector de la Universidad del Desarrollo.<\/p>\n\n\n\n<p>\u201c<em>Chile Territorio Futuro, representa una plataforma cuyo objetivo es aportar a Chile, en una \u00f3ptica colectiva. A trav\u00e9s de ella, la sociedad civil, el mundo acad\u00e9mico y empresarial, universidades, organismos de investigaci\u00f3n p\u00fablicos y privados, empresas y asociaciones, podr\u00e1n unir esfuerzos para identificar las tendencias y desaf\u00edos de largo plazo y conjuntamente, ofrecer propuestas para mejorar la vida de cada ciudadano y de la comunidad en su conjunto<\/em>\u201d, explic\u00f3&nbsp;<strong>Carlo Papa,<\/strong>&nbsp;director Ejecutivo de Fundaci\u00f3n Enel.<\/p>\n\n\n\n<p>El proyecto supone construir escenarios prospectivos en base al conocimiento experto, data-science, investigaci\u00f3n aplicada y trabajo en terreno para luego priorizar el escenario deseable y generar una visi\u00f3n y \u201cmeta pa\u00eds\u201d por tema, activando estrategias y acciones que permitan desarrollo. Se compartir\u00e1n propuestas y acciones concretas respecto a temas y metas tratados, proponiendo contenidos, herramientas o proyectos que ayuden a los tomadores de decisi\u00f3n y a la sociedad a avanzar en una visi\u00f3n de largo plazo de Chile.<\/p>\n","protected":false},"excerpt":{"rendered":"<p>Con el objetivo de abordar grandes temas que debe enfrentar Chile de cara al 2030, generando instancias de di\u00e1logo, propuestas y herramientas que aporten a la discusi\u00f3n p\u00fablica sobre el futuro del pa\u00eds, la Universidad del Desarrollo (UDD) y Fundaci\u00f3n Enel llevar\u00e1n a cabo el innovador proyecto \u201cChile Territorio Futuro\u201d, el que ser\u00e1 coordinado por [&hellip;]<\/p>\n","protected":false},"author":9192204,"featured_media":535,"comment_status":"open","ping_status":"open","sticky":false,"template":"","format":"standard","meta":{"footnotes":""},"categories":[3],"tags":[],"class_list":["post-532","post","type-post","status-publish","format-standard","has-post-thumbnail","hentry","category-noticias"],"yoast_head":"<!-- This site is optimized with the Yoast SEO plugin v26.9 - https:\/\/yoast.com\/product\/yoast-seo-wordpress\/ -->\n<title>UDD y Fundaci\u00f3n Enel desarrollar\u00e1n el proyecto \u201cChile Territorio Futuro\u201d - Centro de Innovaci\u00f3n en Ciudades UDD<\/title>\n<meta name=\"robots\" content=\"index, follow, max-snippet:-1, max-image-preview:large, max-video-preview:-1\" \/>\n<link rel=\"canonical\" href=\"https:\/\/arquitectura.udd.cl\/cic\/2021\/12\/17\/udd-y-fundacion-enel-desarrollaran-el-proyecto-chile-territorio-futuro\/\" \/>\n<meta property=\"og:locale\" content=\"es_ES\" \/>\n<meta property=\"og:type\" content=\"article\" \/>\n<meta property=\"og:title\" content=\"UDD y Fundaci\u00f3n Enel desarrollar\u00e1n el proyecto \u201cChile Territorio Futuro\u201d - Centro de Innovaci\u00f3n en Ciudades UDD\" \/>\n<meta property=\"og:description\" content=\"Con el objetivo de abordar grandes temas que debe enfrentar Chile de cara al 2030, generando instancias de di\u00e1logo, propuestas y herramientas que aporten a la discusi\u00f3n p\u00fablica sobre el futuro del pa\u00eds, la Universidad del Desarrollo (UDD) y Fundaci\u00f3n Enel llevar\u00e1n a cabo el innovador proyecto \u201cChile Territorio Futuro\u201d, el que ser\u00e1 coordinado por [&hellip;]\" \/>\n<meta property=\"og:url\" content=\"https:\/\/arquitectura.udd.cl\/cic\/2021\/12\/17\/udd-y-fundacion-enel-desarrollaran-el-proyecto-chile-territorio-futuro\/\" \/>\n<meta property=\"og:site_name\" content=\"Centro de Innovaci\u00f3n en Ciudades UDD\" \/>\n<meta property=\"article:published_time\" content=\"2021-12-17T07:30:32+00:00\" \/>\n<meta property=\"article:modified_time\" content=\"2022-12-07T17:31:31+00:00\" \/>\n<meta property=\"og:image\" content=\"https:\/\/arquitectura.udd.cl\/cic\/files\/2022\/12\/logo-chtf1.png\" \/>\n\t<meta property=\"og:image:width\" content=\"1920\" \/>\n\t<meta property=\"og:image:height\" content=\"1080\" \/>\n\t<meta property=\"og:image:type\" content=\"image\/png\" \/>\n<meta name=\"author\" content=\"cobregon\" \/>\n<meta name=\"twitter:card\" content=\"summary_large_image\" \/>\n<meta name=\"twitter:label1\" content=\"Escrito por\" \/>\n\t<meta name=\"twitter:data1\" content=\"cobregon\" \/>\n\t<meta name=\"twitter:label2\" content=\"Tiempo de lectura\" \/>\n\t<meta name=\"twitter:data2\" content=\"2 minutos\" \/>\n<script type=\"application\/ld+json\" class=\"yoast-schema-graph\">{\"@context\":\"https:\/\/schema.org\",\"@graph\":[{\"@type\":\"Article\",\"@id\":\"https:\/\/arquitectura.udd.cl\/cic\/2021\/12\/17\/udd-y-fundacion-enel-desarrollaran-el-proyecto-chile-territorio-futuro\/#article\",\"isPartOf\":{\"@id\":\"https:\/\/arquitectura.udd.cl\/cic\/2021\/12\/17\/udd-y-fundacion-enel-desarrollaran-el-proyecto-chile-territorio-futuro\/\"},\"author\":{\"name\":\"cobregon\",\"@id\":\"https:\/\/arquitectura.udd.cl\/cic\/#\/schema\/person\/57f083da93216e68203d687897c20d72\"},\"headline\":\"UDD y Fundaci\u00f3n Enel desarrollar\u00e1n el proyecto \u201cChile Territorio Futuro\u201d\",\"datePublished\":\"2021-12-17T07:30:32+00:00\",\"dateModified\":\"2022-12-07T17:31:31+00:00\",\"mainEntityOfPage\":{\"@id\":\"https:\/\/arquitectura.udd.cl\/cic\/2021\/12\/17\/udd-y-fundacion-enel-desarrollaran-el-proyecto-chile-territorio-futuro\/\"},\"wordCount\":478,\"commentCount\":0,\"image\":{\"@id\":\"https:\/\/arquitectura.udd.cl\/cic\/2021\/12\/17\/udd-y-fundacion-enel-desarrollaran-el-proyecto-chile-territorio-futuro\/#primaryimage\"},\"thumbnailUrl\":\"https:\/\/arquitectura.udd.cl\/cic\/files\/2022\/12\/logo-chtf1.png\",\"articleSection\":[\"Noticias\"],\"inLanguage\":\"es\",\"potentialAction\":[{\"@type\":\"CommentAction\",\"name\":\"Comment\",\"target\":[\"https:\/\/arquitectura.udd.cl\/cic\/2021\/12\/17\/udd-y-fundacion-enel-desarrollaran-el-proyecto-chile-territorio-futuro\/#respond\"]}]},{\"@type\":\"WebPage\",\"@id\":\"https:\/\/arquitectura.udd.cl\/cic\/2021\/12\/17\/udd-y-fundacion-enel-desarrollaran-el-proyecto-chile-territorio-futuro\/\",\"url\":\"https:\/\/arquitectura.udd.cl\/cic\/2021\/12\/17\/udd-y-fundacion-enel-desarrollaran-el-proyecto-chile-territorio-futuro\/\",\"name\":\"UDD y Fundaci\u00f3n Enel desarrollar\u00e1n el proyecto \u201cChile Territorio Futuro\u201d - Centro de Innovaci\u00f3n en Ciudades UDD\",\"isPartOf\":{\"@id\":\"https:\/\/arquitectura.udd.cl\/cic\/#website\"},\"primaryImageOfPage\":{\"@id\":\"https:\/\/arquitectura.udd.cl\/cic\/2021\/12\/17\/udd-y-fundacion-enel-desarrollaran-el-proyecto-chile-territorio-futuro\/#primaryimage\"},\"image\":{\"@id\":\"https:\/\/arquitectura.udd.cl\/cic\/2021\/12\/17\/udd-y-fundacion-enel-desarrollaran-el-proyecto-chile-territorio-futuro\/#primaryimage\"},\"thumbnailUrl\":\"https:\/\/arquitectura.udd.cl\/cic\/files\/2022\/12\/logo-chtf1.png\",\"datePublished\":\"2021-12-17T07:30:32+00:00\",\"dateModified\":\"2022-12-07T17:31:31+00:00\",\"author\":{\"@id\":\"https:\/\/arquitectura.udd.cl\/cic\/#\/schema\/person\/57f083da93216e68203d687897c20d72\"},\"breadcrumb\":{\"@id\":\"https:\/\/arquitectura.udd.cl\/cic\/2021\/12\/17\/udd-y-fundacion-enel-desarrollaran-el-proyecto-chile-territorio-futuro\/#breadcrumb\"},\"inLanguage\":\"es\",\"potentialAction\":[{\"@type\":\"ReadAction\",\"target\":[\"https:\/\/arquitectura.udd.cl\/cic\/2021\/12\/17\/udd-y-fundacion-enel-desarrollaran-el-proyecto-chile-territorio-futuro\/\"]}]},{\"@type\":\"ImageObject\",\"inLanguage\":\"es\",\"@id\":\"https:\/\/arquitectura.udd.cl\/cic\/2021\/12\/17\/udd-y-fundacion-enel-desarrollaran-el-proyecto-chile-territorio-futuro\/#primaryimage\",\"url\":\"https:\/\/arquitectura.udd.cl\/cic\/files\/2022\/12\/logo-chtf1.png\",\"contentUrl\":\"https:\/\/arquitectura.udd.cl\/cic\/files\/2022\/12\/logo-chtf1.png\",\"width\":1920,\"height\":1080},{\"@type\":\"BreadcrumbList\",\"@id\":\"https:\/\/arquitectura.udd.cl\/cic\/2021\/12\/17\/udd-y-fundacion-enel-desarrollaran-el-proyecto-chile-territorio-futuro\/#breadcrumb\",\"itemListElement\":[{\"@type\":\"ListItem\",\"position\":1,\"name\":\"Portada\",\"item\":\"https:\/\/arquitectura.udd.cl\/cic\/\"},{\"@type\":\"ListItem\",\"position\":2,\"name\":\"UDD y Fundaci\u00f3n Enel desarrollar\u00e1n el proyecto \u201cChile Territorio Futuro\u201d\"}]},{\"@type\":\"WebSite\",\"@id\":\"https:\/\/arquitectura.udd.cl\/cic\/#website\",\"url\":\"https:\/\/arquitectura.udd.cl\/cic\/\",\"name\":\"Centro de Innovaci\u00f3n en Ciudades UDD\",\"description\":\"\",\"inLanguage\":\"es\"},{\"@type\":\"Person\",\"@id\":\"https:\/\/arquitectura.udd.cl\/cic\/#\/schema\/person\/57f083da93216e68203d687897c20d72\",\"name\":\"cobregon\",\"image\":{\"@type\":\"ImageObject\",\"inLanguage\":\"es\",\"@id\":\"https:\/\/arquitectura.udd.cl\/cic\/#\/schema\/person\/image\/\",\"url\":\"https:\/\/secure.gravatar.com\/avatar\/f692f506aa28f46a9adc212c65edfecb7befb380f9419de99c43a8b98fd5177c?s=96&d=mm&r=g\",\"contentUrl\":\"https:\/\/secure.gravatar.com\/avatar\/f692f506aa28f46a9adc212c65edfecb7befb380f9419de99c43a8b98fd5177c?s=96&d=mm&r=g\",\"caption\":\"cobregon\"},\"url\":\"https:\/\/arquitectura.udd.cl\/cic\/author\/cobregon\/\"}]}<\/script>\n<!-- \/ Yoast SEO plugin. -->","yoast_head_json":{"title":"UDD y Fundaci\u00f3n Enel desarrollar\u00e1n el proyecto \u201cChile Territorio Futuro\u201d - Centro de Innovaci\u00f3n en Ciudades UDD","robots":{"index":"index","follow":"follow","max-snippet":"max-snippet:-1","max-image-preview":"max-image-preview:large","max-video-preview":"max-video-preview:-1"},"canonical":"https:\/\/arquitectura.udd.cl\/cic\/2021\/12\/17\/udd-y-fundacion-enel-desarrollaran-el-proyecto-chile-territorio-futuro\/","og_locale":"es_ES","og_type":"article","og_title":"UDD y Fundaci\u00f3n Enel desarrollar\u00e1n el proyecto \u201cChile Territorio Futuro\u201d - Centro de Innovaci\u00f3n en Ciudades UDD","og_description":"Con el objetivo de abordar grandes temas que debe enfrentar Chile de cara al 2030, generando instancias de di\u00e1logo, propuestas y herramientas que aporten a la discusi\u00f3n p\u00fablica sobre el futuro del pa\u00eds, la Universidad del Desarrollo (UDD) y Fundaci\u00f3n Enel llevar\u00e1n a cabo el innovador proyecto \u201cChile Territorio Futuro\u201d, el que ser\u00e1 coordinado por [&hellip;]","og_url":"https:\/\/arquitectura.udd.cl\/cic\/2021\/12\/17\/udd-y-fundacion-enel-desarrollaran-el-proyecto-chile-territorio-futuro\/","og_site_name":"Centro de Innovaci\u00f3n en Ciudades UDD","article_published_time":"2021-12-17T07:30:32+00:00","article_modified_time":"2022-12-07T17:31:31+00:00","og_image":[{"width":1920,"height":1080,"url":"https:\/\/arquitectura.udd.cl\/cic\/files\/2022\/12\/logo-chtf1.png","type":"image\/png"}],"author":"cobregon","twitter_card":"summary_large_image","twitter_misc":{"Escrito por":"cobregon","Tiempo de lectura":"2 minutos"},"schema":{"@context":"https:\/\/schema.org","@graph":[{"@type":"Article","@id":"https:\/\/arquitectura.udd.cl\/cic\/2021\/12\/17\/udd-y-fundacion-enel-desarrollaran-el-proyecto-chile-territorio-futuro\/#article","isPartOf":{"@id":"https:\/\/arquitectura.udd.cl\/cic\/2021\/12\/17\/udd-y-fundacion-enel-desarrollaran-el-proyecto-chile-territorio-futuro\/"},"author":{"name":"cobregon","@id":"https:\/\/arquitectura.udd.cl\/cic\/#\/schema\/person\/57f083da93216e68203d687897c20d72"},"headline":"UDD y Fundaci\u00f3n Enel desarrollar\u00e1n el proyecto \u201cChile Territorio Futuro\u201d","datePublished":"2021-12-17T07:30:32+00:00","dateModified":"2022-12-07T17:31:31+00:00","mainEntityOfPage":{"@id":"https:\/\/arquitectura.udd.cl\/cic\/2021\/12\/17\/udd-y-fundacion-enel-desarrollaran-el-proyecto-chile-territorio-futuro\/"},"wordCount":478,"commentCount":0,"image":{"@id":"https:\/\/arquitectura.udd.cl\/cic\/2021\/12\/17\/udd-y-fundacion-enel-desarrollaran-el-proyecto-chile-territorio-futuro\/#primaryimage"},"thumbnailUrl":"https:\/\/arquitectura.udd.cl\/cic\/files\/2022\/12\/logo-chtf1.png","articleSection":["Noticias"],"inLanguage":"es","potentialAction":[{"@type":"CommentAction","name":"Comment","target":["https:\/\/arquitectura.udd.cl\/cic\/2021\/12\/17\/udd-y-fundacion-enel-desarrollaran-el-proyecto-chile-territorio-futuro\/#respond"]}]},{"@type":"WebPage","@id":"https:\/\/arquitectura.udd.cl\/cic\/2021\/12\/17\/udd-y-fundacion-enel-desarrollaran-el-proyecto-chile-territorio-futuro\/","url":"https:\/\/arquitectura.udd.cl\/cic\/2021\/12\/17\/udd-y-fundacion-enel-desarrollaran-el-proyecto-chile-territorio-futuro\/","name":"UDD y Fundaci\u00f3n Enel desarrollar\u00e1n el proyecto \u201cChile Territorio Futuro\u201d - Centro de Innovaci\u00f3n en Ciudades UDD","isPartOf":{"@id":"https:\/\/arquitectura.udd.cl\/cic\/#website"},"primaryImageOfPage":{"@id":"https:\/\/arquitectura.udd.cl\/cic\/2021\/12\/17\/udd-y-fundacion-enel-desarrollaran-el-proyecto-chile-territorio-futuro\/#primaryimage"},"image":{"@id":"https:\/\/arquitectura.udd.cl\/cic\/2021\/12\/17\/udd-y-fundacion-enel-desarrollaran-el-proyecto-chile-territorio-futuro\/#primaryimage"},"thumbnailUrl":"https:\/\/arquitectura.udd.cl\/cic\/files\/2022\/12\/logo-chtf1.png","datePublished":"2021-12-17T07:30:32+00:00","dateModified":"2022-12-07T17:31:31+00:00","author":{"@id":"https:\/\/arquitectura.udd.cl\/cic\/#\/schema\/person\/57f083da93216e68203d687897c20d72"},"breadcrumb":{"@id":"https:\/\/arquitectura.udd.cl\/cic\/2021\/12\/17\/udd-y-fundacion-enel-desarrollaran-el-proyecto-chile-territorio-futuro\/#breadcrumb"},"inLanguage":"es","potentialAction":[{"@type":"ReadAction","target":["https:\/\/arquitectura.udd.cl\/cic\/2021\/12\/17\/udd-y-fundacion-enel-desarrollaran-el-proyecto-chile-territorio-futuro\/"]}]},{"@type":"ImageObject","inLanguage":"es","@id":"https:\/\/arquitectura.udd.cl\/cic\/2021\/12\/17\/udd-y-fundacion-enel-desarrollaran-el-proyecto-chile-territorio-futuro\/#primaryimage","url":"https:\/\/arquitectura.udd.cl\/cic\/files\/2022\/12\/logo-chtf1.png","contentUrl":"https:\/\/arquitectura.udd.cl\/cic\/files\/2022\/12\/logo-chtf1.png","width":1920,"height":1080},{"@type":"BreadcrumbList","@id":"https:\/\/arquitectura.udd.cl\/cic\/2021\/12\/17\/udd-y-fundacion-enel-desarrollaran-el-proyecto-chile-territorio-futuro\/#breadcrumb","itemListElement":[{"@type":"ListItem","position":1,"name":"Portada","item":"https:\/\/arquitectura.udd.cl\/cic\/"},{"@type":"ListItem","position":2,"name":"UDD y Fundaci\u00f3n Enel desarrollar\u00e1n el proyecto \u201cChile Territorio Futuro\u201d"}]},{"@type":"WebSite","@id":"https:\/\/arquitectura.udd.cl\/cic\/#website","url":"https:\/\/arquitectura.udd.cl\/cic\/","name":"Centro de Innovaci\u00f3n en Ciudades UDD","description":"","inLanguage":"es"},{"@type":"Person","@id":"https:\/\/arquitectura.udd.cl\/cic\/#\/schema\/person\/57f083da93216e68203d687897c20d72","name":"cobregon","image":{"@type":"ImageObject","inLanguage":"es","@id":"https:\/\/arquitectura.udd.cl\/cic\/#\/schema\/person\/image\/","url":"https:\/\/secure.gravatar.com\/avatar\/f692f506aa28f46a9adc212c65edfecb7befb380f9419de99c43a8b98fd5177c?s=96&d=mm&r=g","contentUrl":"https:\/\/secure.gravatar.com\/avatar\/f692f506aa28f46a9adc212c65edfecb7befb380f9419de99c43a8b98fd5177c?s=96&d=mm&r=g","caption":"cobregon"},"url":"https:\/\/arquitectura.udd.cl\/cic\/author\/cobregon\/"}]}},"featured_image_url":"https:\/\/arquitectura.udd.cl\/cic\/files\/2022\/12\/logo-chtf1.png","_links":{"self":[{"href":"https:\/\/arquitectura.udd.cl\/cic\/wp-json\/wp\/v2\/posts\/532","targetHints":{"allow":["GET"]}}],"collection":[{"href":"https:\/\/arquitectura.udd.cl\/cic\/wp-json\/wp\/v2\/posts"}],"about":[{"href":"https:\/\/arquitectura.udd.cl\/cic\/wp-json\/wp\/v2\/types\/post"}],"author":[{"embeddable":true,"href":"https:\/\/arquitectura.udd.cl\/cic\/wp-json\/wp\/v2\/users\/9192204"}],"replies":[{"embeddable":true,"href":"https:\/\/arquitectura.udd.cl\/cic\/wp-json\/wp\/v2\/comments?post=532"}],"version-history":[{"count":1,"href":"https:\/\/arquitectura.udd.cl\/cic\/wp-json\/wp\/v2\/posts\/532\/revisions"}],"predecessor-version":[{"id":534,"href":"https:\/\/arquitectura.udd.cl\/cic\/wp-json\/wp\/v2\/posts\/532\/revisions\/534"}],"wp:featuredmedia":[{"embeddable":true,"href":"https:\/\/arquitectura.udd.cl\/cic\/wp-json\/wp\/v2\/media\/535"}],"wp:attachment":[{"href":"https:\/\/arquitectura.udd.cl\/cic\/wp-json\/wp\/v2\/media?parent=532"}],"wp:term":[{"taxonomy":"category","embeddable":true,"href":"https:\/\/arquitectura.udd.cl\/cic\/wp-json\/wp\/v2\/categories?post=532"},{"taxonomy":"post_tag","embeddable":true,"href":"https:\/\/arquitectura.udd.cl\/cic\/wp-json\/wp\/v2\/tags?post=532"}],"curies":[{"name":"wp","href":"https:\/\/api.w.org\/{rel}","templated":true}]}}