{"id":521,"date":"2022-04-13T08:30:18","date_gmt":"2022-04-13T06:30:18","guid":{"rendered":"https:\/\/arquitectura.udd.cl\/cic\/?p=521"},"modified":"2022-12-07T18:19:42","modified_gmt":"2022-12-07T17:19:42","slug":"udd-y-fundacion-enel-se-unen-para-desarrollar-la-iniciativa-chile-territorio-futuro","status":"publish","type":"post","link":"https:\/\/arquitectura.udd.cl\/cic\/2022\/04\/13\/udd-y-fundacion-enel-se-unen-para-desarrollar-la-iniciativa-chile-territorio-futuro\/","title":{"rendered":"UDD y Fundaci\u00f3n Enel se unen para desarrollar la iniciativa \u201cChile Territorio Futuro\u201d"},"content":{"rendered":"\n<figure class=\"wp-block-gallery has-nested-images columns-2 is-cropped wp-block-gallery-1 is-layout-flex wp-block-gallery-is-layout-flex\">\n<figure class=\"wp-block-image size-large\"><img loading=\"lazy\" decoding=\"async\" width=\"1024\" height=\"683\" data-id=\"524\" src=\"https:\/\/arquitectura.udd.cl\/cic\/files\/2022\/12\/chile-territorio-futuro-1-1.jpeg\" alt=\"\" class=\"wp-image-524\" srcset=\"https:\/\/arquitectura.udd.cl\/cic\/files\/2022\/12\/chile-territorio-futuro-1-1.jpeg 1024w, https:\/\/arquitectura.udd.cl\/cic\/files\/2022\/12\/chile-territorio-futuro-1-1-300x200.jpeg 300w, https:\/\/arquitectura.udd.cl\/cic\/files\/2022\/12\/chile-territorio-futuro-1-1-768x512.jpeg 768w\" sizes=\"auto, (max-width: 1024px) 100vw, 1024px\" \/><\/figure>\n\n\n\n<figure class=\"wp-block-image size-large\"><img loading=\"lazy\" decoding=\"async\" width=\"1024\" height=\"683\" data-id=\"523\" src=\"https:\/\/arquitectura.udd.cl\/cic\/files\/2022\/12\/chile-territorio-futuro-2-1.jpeg\" alt=\"\" class=\"wp-image-523\" srcset=\"https:\/\/arquitectura.udd.cl\/cic\/files\/2022\/12\/chile-territorio-futuro-2-1.jpeg 1024w, https:\/\/arquitectura.udd.cl\/cic\/files\/2022\/12\/chile-territorio-futuro-2-1-300x200.jpeg 300w, https:\/\/arquitectura.udd.cl\/cic\/files\/2022\/12\/chile-territorio-futuro-2-1-768x512.jpeg 768w\" sizes=\"auto, (max-width: 1024px) 100vw, 1024px\" \/><\/figure>\n\n\n\n<figure class=\"wp-block-image size-large\"><img loading=\"lazy\" decoding=\"async\" width=\"1024\" height=\"683\" data-id=\"522\" src=\"https:\/\/arquitectura.udd.cl\/cic\/files\/2022\/12\/chile-territorio-futuro-3.jpeg\" alt=\"\" class=\"wp-image-522\" srcset=\"https:\/\/arquitectura.udd.cl\/cic\/files\/2022\/12\/chile-territorio-futuro-3.jpeg 1024w, https:\/\/arquitectura.udd.cl\/cic\/files\/2022\/12\/chile-territorio-futuro-3-300x200.jpeg 300w, https:\/\/arquitectura.udd.cl\/cic\/files\/2022\/12\/chile-territorio-futuro-3-768x512.jpeg 768w\" sizes=\"auto, (max-width: 1024px) 100vw, 1024px\" \/><\/figure>\n\n\n\n<figure class=\"wp-block-image size-large\"><img loading=\"lazy\" decoding=\"async\" width=\"1024\" height=\"662\" data-id=\"525\" src=\"https:\/\/arquitectura.udd.cl\/cic\/files\/2022\/12\/enel-1536x993-1-1024x662.jpeg\" alt=\"\" class=\"wp-image-525\" srcset=\"https:\/\/arquitectura.udd.cl\/cic\/files\/2022\/12\/enel-1536x993-1-1024x662.jpeg 1024w, https:\/\/arquitectura.udd.cl\/cic\/files\/2022\/12\/enel-1536x993-1-300x194.jpeg 300w, https:\/\/arquitectura.udd.cl\/cic\/files\/2022\/12\/enel-1536x993-1-768x497.jpeg 768w, https:\/\/arquitectura.udd.cl\/cic\/files\/2022\/12\/enel-1536x993-1.jpeg 1536w\" sizes=\"auto, (max-width: 1024px) 100vw, 1024px\" \/><\/figure>\n<\/figure>\n\n\n\n<p>La pandemia, el cambio clim\u00e1tico, los problemas de escasez y disponibilidad, nuevas tecnolog\u00edas disruptivas, un nuevo gobierno y una nueva constituci\u00f3n. No cabe duda que Chile se est\u00e1 replanteando y est\u00e1 viviendo una nueva transici\u00f3n. En este contexto, la Universidad del Desarrollo (UDD) -a trav\u00e9s del Centro de Innovaci\u00f3n en Ciudades de la Facultad de Arquitectura y Arte junto a otras facultades-, se uni\u00f3 a la Fundaci\u00f3n Enel y lanzaron el proyecto \u201cChile Territorio Futuro\u201d.<\/p>\n\n\n\n<p>Esta iniciativa busca generar un espacio de di\u00e1logo a trav\u00e9s de una convocatoria amplia y participativa. En un plazo de 9 meses, el &nbsp;equipo de trabajo conformado por 100 expertos, participar\u00e1 en diversos espacios de reflexi\u00f3n, con el objeto de identificar se\u00f1ales emergentes y tendencias de cambio para construir propuestas y herramientas para abrir un debate en torno a los escenarios posibles de Chile 2030-2050.<\/p>\n\n\n\n<p>En lo concreto, en los pr\u00f3ximos meses el proyecto supone construir escenarios prospectivos en base al conocimiento experto, data-science, investigaci\u00f3n aplicada y trabajo en terreno para luego priorizar el escenario deseable y generar una visi\u00f3n y meta por tema, activando estrategias y acciones que permitan su desarrollo.<\/p>\n\n\n\n<p>La ceremonia de presentaci\u00f3n del proyecto cont\u00f3 con la presencia del rector de la UDD, Federico Vald\u00e9s; el CEO del Grupo Enel y presidente de la Fundaci\u00f3n Enel, Francesco Starace; el embajador de Italia en Chile, Mauro Battocchi; el integrante de Consejo Directivo UDD, Christian Sturms; el prorrector UDD, Ernesto Silva; y el decano de la Facultad de Arquitectura y Arte UDD, Pablo Allard, entre otras autoridades.<\/p>\n\n\n\n<p>En la oportunidad, Federico Vald\u00e9s manifest\u00f3: \u00abEn la UDD estamos muy contentos de participar en esta iniciativa, que, a trav\u00e9s de distintas miradas y disciplinas, pretende hacer aportes para mejorar la calidad de vida de las personas y reforzar el compromiso con la sostenibilidad. Sabemos que durante los pr\u00f3ximos a\u00f1os y d\u00e9cadas Chile se enfrentar\u00e1 a muchos desaf\u00edos, que implican cambios y transiciones en diversas \u00e1reas, que impactar\u00e1n directamente nuestro entorno. Es por eso que como Universidad estamos muy orgullosos de poner toda nuestra capacidad humana y t\u00e9cnica al servicio de este proyecto, que nos permitir\u00e1 proyectar futuros escenarios y proponer soluciones concretas, basadas en el conocimiento generado desde diversas disciplinas\u201d.<\/p>\n\n\n\n<p>Francesco Starace, por su parte, se\u00f1al\u00f3: \u201cDesde Enel nos importa reafirmar nuestro compromiso con el desarrollo sostenible para todos en el tiempo. A trav\u00e9s de \u2018Chile Territorio Futuro\u2019 buscamos justamente abordar tem\u00e1ticas clave para el futuro pa\u00eds que vayan en esa l\u00ednea. Pero adem\u00e1s queremos hacerlo con una \u00f3ptica colectiva, siendo que es un espacio abierto a la sociedad civil, el mundo acad\u00e9mico y empresarial, organismos de investigaci\u00f3n p\u00fablicos y privados, desde donde ser\u00e1 posible unir esfuerzos para identificar tendencias, brechas y desaf\u00edos de hoy. Como resultado, esperamos ofrecer propuestas para mejorar la calidad de vida\u201d.<\/p>\n","protected":false},"excerpt":{"rendered":"<p>La pandemia, el cambio clim\u00e1tico, los problemas de escasez y disponibilidad, nuevas tecnolog\u00edas disruptivas, un nuevo gobierno y una nueva constituci\u00f3n. No cabe duda que Chile se est\u00e1 replanteando y est\u00e1 viviendo una nueva transici\u00f3n. En este contexto, la Universidad del Desarrollo (UDD) -a trav\u00e9s del Centro de Innovaci\u00f3n en Ciudades de la Facultad de [&hellip;]<\/p>\n","protected":false},"author":9192204,"featured_media":524,"comment_status":"open","ping_status":"open","sticky":false,"template":"","format":"standard","meta":{"footnotes":""},"categories":[3],"tags":[],"class_list":["post-521","post","type-post","status-publish","format-standard","has-post-thumbnail","hentry","category-noticias"],"yoast_head":"<!-- This site is optimized with the Yoast SEO plugin v26.9 - https:\/\/yoast.com\/product\/yoast-seo-wordpress\/ -->\n<title>UDD y Fundaci\u00f3n Enel se unen para desarrollar la iniciativa \u201cChile Territorio Futuro\u201d - Centro de Innovaci\u00f3n en Ciudades UDD<\/title>\n<meta name=\"robots\" content=\"index, follow, max-snippet:-1, max-image-preview:large, max-video-preview:-1\" \/>\n<link rel=\"canonical\" href=\"https:\/\/arquitectura.udd.cl\/cic\/2022\/04\/13\/udd-y-fundacion-enel-se-unen-para-desarrollar-la-iniciativa-chile-territorio-futuro\/\" \/>\n<meta property=\"og:locale\" content=\"es_ES\" \/>\n<meta property=\"og:type\" content=\"article\" \/>\n<meta property=\"og:title\" content=\"UDD y Fundaci\u00f3n Enel se unen para desarrollar la iniciativa \u201cChile Territorio Futuro\u201d - Centro de Innovaci\u00f3n en Ciudades UDD\" \/>\n<meta property=\"og:description\" content=\"La pandemia, el cambio clim\u00e1tico, los problemas de escasez y disponibilidad, nuevas tecnolog\u00edas disruptivas, un nuevo gobierno y una nueva constituci\u00f3n. No cabe duda que Chile se est\u00e1 replanteando y est\u00e1 viviendo una nueva transici\u00f3n. En este contexto, la Universidad del Desarrollo (UDD) -a trav\u00e9s del Centro de Innovaci\u00f3n en Ciudades de la Facultad de [&hellip;]\" \/>\n<meta property=\"og:url\" content=\"https:\/\/arquitectura.udd.cl\/cic\/2022\/04\/13\/udd-y-fundacion-enel-se-unen-para-desarrollar-la-iniciativa-chile-territorio-futuro\/\" \/>\n<meta property=\"og:site_name\" content=\"Centro de Innovaci\u00f3n en Ciudades UDD\" \/>\n<meta property=\"article:published_time\" content=\"2022-04-13T06:30:18+00:00\" \/>\n<meta property=\"article:modified_time\" content=\"2022-12-07T17:19:42+00:00\" \/>\n<meta property=\"og:image\" content=\"https:\/\/arquitectura.udd.cl\/cic\/files\/2022\/12\/chile-territorio-futuro-1-1.jpeg\" \/>\n\t<meta property=\"og:image:width\" content=\"1024\" \/>\n\t<meta property=\"og:image:height\" content=\"683\" \/>\n\t<meta property=\"og:image:type\" content=\"image\/jpeg\" \/>\n<meta name=\"author\" content=\"cobregon\" \/>\n<meta name=\"twitter:card\" content=\"summary_large_image\" \/>\n<meta name=\"twitter:label1\" content=\"Escrito por\" \/>\n\t<meta name=\"twitter:data1\" content=\"cobregon\" \/>\n\t<meta name=\"twitter:label2\" content=\"Tiempo de lectura\" \/>\n\t<meta name=\"twitter:data2\" content=\"3 minutos\" \/>\n<script type=\"application\/ld+json\" class=\"yoast-schema-graph\">{\"@context\":\"https:\/\/schema.org\",\"@graph\":[{\"@type\":\"Article\",\"@id\":\"https:\/\/arquitectura.udd.cl\/cic\/2022\/04\/13\/udd-y-fundacion-enel-se-unen-para-desarrollar-la-iniciativa-chile-territorio-futuro\/#article\",\"isPartOf\":{\"@id\":\"https:\/\/arquitectura.udd.cl\/cic\/2022\/04\/13\/udd-y-fundacion-enel-se-unen-para-desarrollar-la-iniciativa-chile-territorio-futuro\/\"},\"author\":{\"name\":\"cobregon\",\"@id\":\"https:\/\/arquitectura.udd.cl\/cic\/#\/schema\/person\/57f083da93216e68203d687897c20d72\"},\"headline\":\"UDD y Fundaci\u00f3n Enel se unen para desarrollar la iniciativa \u201cChile Territorio Futuro\u201d\",\"datePublished\":\"2022-04-13T06:30:18+00:00\",\"dateModified\":\"2022-12-07T17:19:42+00:00\",\"mainEntityOfPage\":{\"@id\":\"https:\/\/arquitectura.udd.cl\/cic\/2022\/04\/13\/udd-y-fundacion-enel-se-unen-para-desarrollar-la-iniciativa-chile-territorio-futuro\/\"},\"wordCount\":509,\"commentCount\":0,\"image\":{\"@id\":\"https:\/\/arquitectura.udd.cl\/cic\/2022\/04\/13\/udd-y-fundacion-enel-se-unen-para-desarrollar-la-iniciativa-chile-territorio-futuro\/#primaryimage\"},\"thumbnailUrl\":\"https:\/\/arquitectura.udd.cl\/cic\/files\/2022\/12\/chile-territorio-futuro-1-1.jpeg\",\"articleSection\":[\"Noticias\"],\"inLanguage\":\"es\",\"potentialAction\":[{\"@type\":\"CommentAction\",\"name\":\"Comment\",\"target\":[\"https:\/\/arquitectura.udd.cl\/cic\/2022\/04\/13\/udd-y-fundacion-enel-se-unen-para-desarrollar-la-iniciativa-chile-territorio-futuro\/#respond\"]}]},{\"@type\":\"WebPage\",\"@id\":\"https:\/\/arquitectura.udd.cl\/cic\/2022\/04\/13\/udd-y-fundacion-enel-se-unen-para-desarrollar-la-iniciativa-chile-territorio-futuro\/\",\"url\":\"https:\/\/arquitectura.udd.cl\/cic\/2022\/04\/13\/udd-y-fundacion-enel-se-unen-para-desarrollar-la-iniciativa-chile-territorio-futuro\/\",\"name\":\"UDD y Fundaci\u00f3n Enel se unen para desarrollar la iniciativa \u201cChile Territorio Futuro\u201d - Centro de Innovaci\u00f3n en Ciudades UDD\",\"isPartOf\":{\"@id\":\"https:\/\/arquitectura.udd.cl\/cic\/#website\"},\"primaryImageOfPage\":{\"@id\":\"https:\/\/arquitectura.udd.cl\/cic\/2022\/04\/13\/udd-y-fundacion-enel-se-unen-para-desarrollar-la-iniciativa-chile-territorio-futuro\/#primaryimage\"},\"image\":{\"@id\":\"https:\/\/arquitectura.udd.cl\/cic\/2022\/04\/13\/udd-y-fundacion-enel-se-unen-para-desarrollar-la-iniciativa-chile-territorio-futuro\/#primaryimage\"},\"thumbnailUrl\":\"https:\/\/arquitectura.udd.cl\/cic\/files\/2022\/12\/chile-territorio-futuro-1-1.jpeg\",\"datePublished\":\"2022-04-13T06:30:18+00:00\",\"dateModified\":\"2022-12-07T17:19:42+00:00\",\"author\":{\"@id\":\"https:\/\/arquitectura.udd.cl\/cic\/#\/schema\/person\/57f083da93216e68203d687897c20d72\"},\"breadcrumb\":{\"@id\":\"https:\/\/arquitectura.udd.cl\/cic\/2022\/04\/13\/udd-y-fundacion-enel-se-unen-para-desarrollar-la-iniciativa-chile-territorio-futuro\/#breadcrumb\"},\"inLanguage\":\"es\",\"potentialAction\":[{\"@type\":\"ReadAction\",\"target\":[\"https:\/\/arquitectura.udd.cl\/cic\/2022\/04\/13\/udd-y-fundacion-enel-se-unen-para-desarrollar-la-iniciativa-chile-territorio-futuro\/\"]}]},{\"@type\":\"ImageObject\",\"inLanguage\":\"es\",\"@id\":\"https:\/\/arquitectura.udd.cl\/cic\/2022\/04\/13\/udd-y-fundacion-enel-se-unen-para-desarrollar-la-iniciativa-chile-territorio-futuro\/#primaryimage\",\"url\":\"https:\/\/arquitectura.udd.cl\/cic\/files\/2022\/12\/chile-territorio-futuro-1-1.jpeg\",\"contentUrl\":\"https:\/\/arquitectura.udd.cl\/cic\/files\/2022\/12\/chile-territorio-futuro-1-1.jpeg\",\"width\":1024,\"height\":683},{\"@type\":\"BreadcrumbList\",\"@id\":\"https:\/\/arquitectura.udd.cl\/cic\/2022\/04\/13\/udd-y-fundacion-enel-se-unen-para-desarrollar-la-iniciativa-chile-territorio-futuro\/#breadcrumb\",\"itemListElement\":[{\"@type\":\"ListItem\",\"position\":1,\"name\":\"Portada\",\"item\":\"https:\/\/arquitectura.udd.cl\/cic\/\"},{\"@type\":\"ListItem\",\"position\":2,\"name\":\"UDD y Fundaci\u00f3n Enel se unen para desarrollar la iniciativa \u201cChile Territorio Futuro\u201d\"}]},{\"@type\":\"WebSite\",\"@id\":\"https:\/\/arquitectura.udd.cl\/cic\/#website\",\"url\":\"https:\/\/arquitectura.udd.cl\/cic\/\",\"name\":\"Centro de Innovaci\u00f3n en Ciudades UDD\",\"description\":\"\",\"inLanguage\":\"es\"},{\"@type\":\"Person\",\"@id\":\"https:\/\/arquitectura.udd.cl\/cic\/#\/schema\/person\/57f083da93216e68203d687897c20d72\",\"name\":\"cobregon\",\"image\":{\"@type\":\"ImageObject\",\"inLanguage\":\"es\",\"@id\":\"https:\/\/arquitectura.udd.cl\/cic\/#\/schema\/person\/image\/\",\"url\":\"https:\/\/secure.gravatar.com\/avatar\/f692f506aa28f46a9adc212c65edfecb7befb380f9419de99c43a8b98fd5177c?s=96&d=mm&r=g\",\"contentUrl\":\"https:\/\/secure.gravatar.com\/avatar\/f692f506aa28f46a9adc212c65edfecb7befb380f9419de99c43a8b98fd5177c?s=96&d=mm&r=g\",\"caption\":\"cobregon\"},\"url\":\"https:\/\/arquitectura.udd.cl\/cic\/author\/cobregon\/\"}]}<\/script>\n<!-- \/ Yoast SEO plugin. -->","yoast_head_json":{"title":"UDD y Fundaci\u00f3n Enel se unen para desarrollar la iniciativa \u201cChile Territorio Futuro\u201d - Centro de Innovaci\u00f3n en Ciudades UDD","robots":{"index":"index","follow":"follow","max-snippet":"max-snippet:-1","max-image-preview":"max-image-preview:large","max-video-preview":"max-video-preview:-1"},"canonical":"https:\/\/arquitectura.udd.cl\/cic\/2022\/04\/13\/udd-y-fundacion-enel-se-unen-para-desarrollar-la-iniciativa-chile-territorio-futuro\/","og_locale":"es_ES","og_type":"article","og_title":"UDD y Fundaci\u00f3n Enel se unen para desarrollar la iniciativa \u201cChile Territorio Futuro\u201d - Centro de Innovaci\u00f3n en Ciudades UDD","og_description":"La pandemia, el cambio clim\u00e1tico, los problemas de escasez y disponibilidad, nuevas tecnolog\u00edas disruptivas, un nuevo gobierno y una nueva constituci\u00f3n. No cabe duda que Chile se est\u00e1 replanteando y est\u00e1 viviendo una nueva transici\u00f3n. En este contexto, la Universidad del Desarrollo (UDD) -a trav\u00e9s del Centro de Innovaci\u00f3n en Ciudades de la Facultad de [&hellip;]","og_url":"https:\/\/arquitectura.udd.cl\/cic\/2022\/04\/13\/udd-y-fundacion-enel-se-unen-para-desarrollar-la-iniciativa-chile-territorio-futuro\/","og_site_name":"Centro de Innovaci\u00f3n en Ciudades UDD","article_published_time":"2022-04-13T06:30:18+00:00","article_modified_time":"2022-12-07T17:19:42+00:00","og_image":[{"width":1024,"height":683,"url":"https:\/\/arquitectura.udd.cl\/cic\/files\/2022\/12\/chile-territorio-futuro-1-1.jpeg","type":"image\/jpeg"}],"author":"cobregon","twitter_card":"summary_large_image","twitter_misc":{"Escrito por":"cobregon","Tiempo de lectura":"3 minutos"},"schema":{"@context":"https:\/\/schema.org","@graph":[{"@type":"Article","@id":"https:\/\/arquitectura.udd.cl\/cic\/2022\/04\/13\/udd-y-fundacion-enel-se-unen-para-desarrollar-la-iniciativa-chile-territorio-futuro\/#article","isPartOf":{"@id":"https:\/\/arquitectura.udd.cl\/cic\/2022\/04\/13\/udd-y-fundacion-enel-se-unen-para-desarrollar-la-iniciativa-chile-territorio-futuro\/"},"author":{"name":"cobregon","@id":"https:\/\/arquitectura.udd.cl\/cic\/#\/schema\/person\/57f083da93216e68203d687897c20d72"},"headline":"UDD y Fundaci\u00f3n Enel se unen para desarrollar la iniciativa \u201cChile Territorio Futuro\u201d","datePublished":"2022-04-13T06:30:18+00:00","dateModified":"2022-12-07T17:19:42+00:00","mainEntityOfPage":{"@id":"https:\/\/arquitectura.udd.cl\/cic\/2022\/04\/13\/udd-y-fundacion-enel-se-unen-para-desarrollar-la-iniciativa-chile-territorio-futuro\/"},"wordCount":509,"commentCount":0,"image":{"@id":"https:\/\/arquitectura.udd.cl\/cic\/2022\/04\/13\/udd-y-fundacion-enel-se-unen-para-desarrollar-la-iniciativa-chile-territorio-futuro\/#primaryimage"},"thumbnailUrl":"https:\/\/arquitectura.udd.cl\/cic\/files\/2022\/12\/chile-territorio-futuro-1-1.jpeg","articleSection":["Noticias"],"inLanguage":"es","potentialAction":[{"@type":"CommentAction","name":"Comment","target":["https:\/\/arquitectura.udd.cl\/cic\/2022\/04\/13\/udd-y-fundacion-enel-se-unen-para-desarrollar-la-iniciativa-chile-territorio-futuro\/#respond"]}]},{"@type":"WebPage","@id":"https:\/\/arquitectura.udd.cl\/cic\/2022\/04\/13\/udd-y-fundacion-enel-se-unen-para-desarrollar-la-iniciativa-chile-territorio-futuro\/","url":"https:\/\/arquitectura.udd.cl\/cic\/2022\/04\/13\/udd-y-fundacion-enel-se-unen-para-desarrollar-la-iniciativa-chile-territorio-futuro\/","name":"UDD y Fundaci\u00f3n Enel se unen para desarrollar la iniciativa \u201cChile Territorio Futuro\u201d - Centro de Innovaci\u00f3n en Ciudades UDD","isPartOf":{"@id":"https:\/\/arquitectura.udd.cl\/cic\/#website"},"primaryImageOfPage":{"@id":"https:\/\/arquitectura.udd.cl\/cic\/2022\/04\/13\/udd-y-fundacion-enel-se-unen-para-desarrollar-la-iniciativa-chile-territorio-futuro\/#primaryimage"},"image":{"@id":"https:\/\/arquitectura.udd.cl\/cic\/2022\/04\/13\/udd-y-fundacion-enel-se-unen-para-desarrollar-la-iniciativa-chile-territorio-futuro\/#primaryimage"},"thumbnailUrl":"https:\/\/arquitectura.udd.cl\/cic\/files\/2022\/12\/chile-territorio-futuro-1-1.jpeg","datePublished":"2022-04-13T06:30:18+00:00","dateModified":"2022-12-07T17:19:42+00:00","author":{"@id":"https:\/\/arquitectura.udd.cl\/cic\/#\/schema\/person\/57f083da93216e68203d687897c20d72"},"breadcrumb":{"@id":"https:\/\/arquitectura.udd.cl\/cic\/2022\/04\/13\/udd-y-fundacion-enel-se-unen-para-desarrollar-la-iniciativa-chile-territorio-futuro\/#breadcrumb"},"inLanguage":"es","potentialAction":[{"@type":"ReadAction","target":["https:\/\/arquitectura.udd.cl\/cic\/2022\/04\/13\/udd-y-fundacion-enel-se-unen-para-desarrollar-la-iniciativa-chile-territorio-futuro\/"]}]},{"@type":"ImageObject","inLanguage":"es","@id":"https:\/\/arquitectura.udd.cl\/cic\/2022\/04\/13\/udd-y-fundacion-enel-se-unen-para-desarrollar-la-iniciativa-chile-territorio-futuro\/#primaryimage","url":"https:\/\/arquitectura.udd.cl\/cic\/files\/2022\/12\/chile-territorio-futuro-1-1.jpeg","contentUrl":"https:\/\/arquitectura.udd.cl\/cic\/files\/2022\/12\/chile-territorio-futuro-1-1.jpeg","width":1024,"height":683},{"@type":"BreadcrumbList","@id":"https:\/\/arquitectura.udd.cl\/cic\/2022\/04\/13\/udd-y-fundacion-enel-se-unen-para-desarrollar-la-iniciativa-chile-territorio-futuro\/#breadcrumb","itemListElement":[{"@type":"ListItem","position":1,"name":"Portada","item":"https:\/\/arquitectura.udd.cl\/cic\/"},{"@type":"ListItem","position":2,"name":"UDD y Fundaci\u00f3n Enel se unen para desarrollar la iniciativa \u201cChile Territorio Futuro\u201d"}]},{"@type":"WebSite","@id":"https:\/\/arquitectura.udd.cl\/cic\/#website","url":"https:\/\/arquitectura.udd.cl\/cic\/","name":"Centro de Innovaci\u00f3n en Ciudades UDD","description":"","inLanguage":"es"},{"@type":"Person","@id":"https:\/\/arquitectura.udd.cl\/cic\/#\/schema\/person\/57f083da93216e68203d687897c20d72","name":"cobregon","image":{"@type":"ImageObject","inLanguage":"es","@id":"https:\/\/arquitectura.udd.cl\/cic\/#\/schema\/person\/image\/","url":"https:\/\/secure.gravatar.com\/avatar\/f692f506aa28f46a9adc212c65edfecb7befb380f9419de99c43a8b98fd5177c?s=96&d=mm&r=g","contentUrl":"https:\/\/secure.gravatar.com\/avatar\/f692f506aa28f46a9adc212c65edfecb7befb380f9419de99c43a8b98fd5177c?s=96&d=mm&r=g","caption":"cobregon"},"url":"https:\/\/arquitectura.udd.cl\/cic\/author\/cobregon\/"}]}},"featured_image_url":"https:\/\/arquitectura.udd.cl\/cic\/files\/2022\/12\/chile-territorio-futuro-1-1.jpeg","_links":{"self":[{"href":"https:\/\/arquitectura.udd.cl\/cic\/wp-json\/wp\/v2\/posts\/521","targetHints":{"allow":["GET"]}}],"collection":[{"href":"https:\/\/arquitectura.udd.cl\/cic\/wp-json\/wp\/v2\/posts"}],"about":[{"href":"https:\/\/arquitectura.udd.cl\/cic\/wp-json\/wp\/v2\/types\/post"}],"author":[{"embeddable":true,"href":"https:\/\/arquitectura.udd.cl\/cic\/wp-json\/wp\/v2\/users\/9192204"}],"replies":[{"embeddable":true,"href":"https:\/\/arquitectura.udd.cl\/cic\/wp-json\/wp\/v2\/comments?post=521"}],"version-history":[{"count":1,"href":"https:\/\/arquitectura.udd.cl\/cic\/wp-json\/wp\/v2\/posts\/521\/revisions"}],"predecessor-version":[{"id":526,"href":"https:\/\/arquitectura.udd.cl\/cic\/wp-json\/wp\/v2\/posts\/521\/revisions\/526"}],"wp:featuredmedia":[{"embeddable":true,"href":"https:\/\/arquitectura.udd.cl\/cic\/wp-json\/wp\/v2\/media\/524"}],"wp:attachment":[{"href":"https:\/\/arquitectura.udd.cl\/cic\/wp-json\/wp\/v2\/media?parent=521"}],"wp:term":[{"taxonomy":"category","embeddable":true,"href":"https:\/\/arquitectura.udd.cl\/cic\/wp-json\/wp\/v2\/categories?post=521"},{"taxonomy":"post_tag","embeddable":true,"href":"https:\/\/arquitectura.udd.cl\/cic\/wp-json\/wp\/v2\/tags?post=521"}],"curies":[{"name":"wp","href":"https:\/\/api.w.org\/{rel}","templated":true}]}}