{"id":518,"date":"2022-06-02T08:30:01","date_gmt":"2022-06-02T06:30:01","guid":{"rendered":"https:\/\/arquitectura.udd.cl\/cic\/?p=518"},"modified":"2022-12-07T18:16:32","modified_gmt":"2022-12-07T17:16:32","slug":"chile-territorio-futuro-inicio-sus-actividades-con-primera-reunion-de-trabajo-de-expertos","status":"publish","type":"post","link":"https:\/\/arquitectura.udd.cl\/cic\/2022\/06\/02\/chile-territorio-futuro-inicio-sus-actividades-con-primera-reunion-de-trabajo-de-expertos\/","title":{"rendered":"Chile Territorio Futuro inici\u00f3 sus actividades con primera reuni\u00f3n de trabajo de expertos"},"content":{"rendered":"\n<figure class=\"wp-block-gallery has-nested-images columns-default is-cropped wp-block-gallery-1 is-layout-flex wp-block-gallery-is-layout-flex\">\n<figure class=\"wp-block-image size-large\"><img loading=\"lazy\" decoding=\"async\" width=\"1024\" height=\"615\" data-id=\"519\" src=\"https:\/\/arquitectura.udd.cl\/cic\/files\/2022\/12\/chtf-16-noviembre-1024x615.png\" alt=\"\" class=\"wp-image-519\" srcset=\"https:\/\/arquitectura.udd.cl\/cic\/files\/2022\/12\/chtf-16-noviembre-1024x615.png 1024w, https:\/\/arquitectura.udd.cl\/cic\/files\/2022\/12\/chtf-16-noviembre-300x180.png 300w, https:\/\/arquitectura.udd.cl\/cic\/files\/2022\/12\/chtf-16-noviembre-768x461.png 768w, https:\/\/arquitectura.udd.cl\/cic\/files\/2022\/12\/chtf-16-noviembre-1536x922.png 1536w, https:\/\/arquitectura.udd.cl\/cic\/files\/2022\/12\/chtf-16-noviembre-2048x1229.png 2048w\" sizes=\"auto, (max-width: 1024px) 100vw, 1024px\" \/><\/figure>\n<\/figure>\n\n\n\n<p>Chile Territorio Futuro tuvo su primera reuni\u00f3n que sirvi\u00f3 para planificar la ruta donde 100 expertos -que se dividir\u00e1n en distintos espacios de reflexi\u00f3n-, identificar\u00e1n se\u00f1ales emergentes y tendencias de cambio para construir propuestas en torno a los escenarios que podr\u00eda enfrentar nuestro pa\u00eds entre los a\u00f1os 2030 y 2050.<\/p>\n\n\n\n<p>Esta iniciativa, coordinada por el Centro de Innovaci\u00f3n en Ciudades (CIC) de la Facultad de Arquitectura y Arte de la Universidad del Desarrollo -junto a otras facultades- e impulsada por la Fundaci\u00f3n Enel, contar\u00e1 con gente experta vinculada al mundo acad\u00e9mico y empresarial; y a organismos de investigaci\u00f3n p\u00fablicos y privados. En ese sentido, Christian Zulberti, director adjunto de Fundaci\u00f3n Enel, recalc\u00f3 que \u201cse buscar\u00e1 ofrecer propuestas para mejorar la calidad de vida, todo gracias al an\u00e1lisis de distintos escenarios\u201d.<\/p>\n\n\n\n<p>Por su parte, Francisca Astaburuaga, directora del CIC, coment\u00f3 que \u201ccada uno de los expertos trae mucha informaci\u00f3n procesada y analizada que servir\u00e1 para ver cu\u00e1les son las se\u00f1ales de cambio que est\u00e1n presentes hoy en d\u00eda en cada uno de sus \u00e1mbitos\u201d, agregando que el fin de estos encuentros es ver para d\u00f3nde van las fuerzas para impulsar el futuro.<\/p>\n\n\n\n<p>Este proceso de reflexi\u00f3n tendr\u00e1 una duraci\u00f3n de nueve meses, donde los expertos se reunir\u00e1n en tres jornadas de trabajo. De esta manera, se espera tener un producto final para diciembre de este a\u00f1o.<\/p>\n\n\n\n<p>Cabe se\u00f1alar que dentro de los 100 expertos y expertas que participar\u00e1n de Chile Territorio Futuro se encuentran Paula Daza, ex subsecretaria de Salud y actual directora del Centro de Pol\u00edticas P\u00fablicas e Innovaci\u00f3n en Salud de la UDD; Jessica L\u00f3pez, presidenta del Banco Estado; y Sebasti\u00e1n Bowen, director ejecutivo de D\u00e9ficit Cero.<\/p>\n","protected":false},"excerpt":{"rendered":"<p>Chile Territorio Futuro tuvo su primera reuni\u00f3n que sirvi\u00f3 para planificar la ruta donde 100 expertos -que se dividir\u00e1n en distintos espacios de reflexi\u00f3n-, identificar\u00e1n se\u00f1ales emergentes y tendencias de cambio para construir propuestas en torno a los escenarios que podr\u00eda enfrentar nuestro pa\u00eds entre los a\u00f1os 2030 y 2050. Esta iniciativa, coordinada por el [&hellip;]<\/p>\n","protected":false},"author":9192204,"featured_media":519,"comment_status":"open","ping_status":"open","sticky":false,"template":"","format":"standard","meta":{"footnotes":""},"categories":[3],"tags":[],"class_list":["post-518","post","type-post","status-publish","format-standard","has-post-thumbnail","hentry","category-noticias"],"yoast_head":"<!-- This site is optimized with the Yoast SEO plugin v26.9 - https:\/\/yoast.com\/product\/yoast-seo-wordpress\/ -->\n<title>Chile Territorio Futuro inici\u00f3 sus actividades con primera reuni\u00f3n de trabajo de expertos - Centro de Innovaci\u00f3n en Ciudades UDD<\/title>\n<meta name=\"robots\" content=\"index, follow, max-snippet:-1, max-image-preview:large, max-video-preview:-1\" \/>\n<link rel=\"canonical\" href=\"https:\/\/arquitectura.udd.cl\/cic\/2022\/06\/02\/chile-territorio-futuro-inicio-sus-actividades-con-primera-reunion-de-trabajo-de-expertos\/\" \/>\n<meta property=\"og:locale\" content=\"es_ES\" \/>\n<meta property=\"og:type\" content=\"article\" \/>\n<meta property=\"og:title\" content=\"Chile Territorio Futuro inici\u00f3 sus actividades con primera reuni\u00f3n de trabajo de expertos - Centro de Innovaci\u00f3n en Ciudades UDD\" \/>\n<meta property=\"og:description\" content=\"Chile Territorio Futuro tuvo su primera reuni\u00f3n que sirvi\u00f3 para planificar la ruta donde 100 expertos -que se dividir\u00e1n en distintos espacios de reflexi\u00f3n-, identificar\u00e1n se\u00f1ales emergentes y tendencias de cambio para construir propuestas en torno a los escenarios que podr\u00eda enfrentar nuestro pa\u00eds entre los a\u00f1os 2030 y 2050. Esta iniciativa, coordinada por el [&hellip;]\" \/>\n<meta property=\"og:url\" content=\"https:\/\/arquitectura.udd.cl\/cic\/2022\/06\/02\/chile-territorio-futuro-inicio-sus-actividades-con-primera-reunion-de-trabajo-de-expertos\/\" \/>\n<meta property=\"og:site_name\" content=\"Centro de Innovaci\u00f3n en Ciudades UDD\" \/>\n<meta property=\"article:published_time\" content=\"2022-06-02T06:30:01+00:00\" \/>\n<meta property=\"article:modified_time\" content=\"2022-12-07T17:16:32+00:00\" \/>\n<meta property=\"og:image\" content=\"https:\/\/arquitectura.udd.cl\/cic\/files\/2022\/12\/chtf-16-noviembre-1024x615.png\" \/>\n\t<meta property=\"og:image:width\" content=\"1024\" \/>\n\t<meta property=\"og:image:height\" content=\"615\" \/>\n\t<meta property=\"og:image:type\" content=\"image\/png\" \/>\n<meta name=\"author\" content=\"cobregon\" \/>\n<meta name=\"twitter:card\" content=\"summary_large_image\" \/>\n<meta name=\"twitter:label1\" content=\"Escrito por\" \/>\n\t<meta name=\"twitter:data1\" content=\"cobregon\" \/>\n\t<meta name=\"twitter:label2\" content=\"Tiempo de lectura\" \/>\n\t<meta name=\"twitter:data2\" content=\"2 minutos\" \/>\n<script type=\"application\/ld+json\" class=\"yoast-schema-graph\">{\"@context\":\"https:\/\/schema.org\",\"@graph\":[{\"@type\":\"Article\",\"@id\":\"https:\/\/arquitectura.udd.cl\/cic\/2022\/06\/02\/chile-territorio-futuro-inicio-sus-actividades-con-primera-reunion-de-trabajo-de-expertos\/#article\",\"isPartOf\":{\"@id\":\"https:\/\/arquitectura.udd.cl\/cic\/2022\/06\/02\/chile-territorio-futuro-inicio-sus-actividades-con-primera-reunion-de-trabajo-de-expertos\/\"},\"author\":{\"name\":\"cobregon\",\"@id\":\"https:\/\/arquitectura.udd.cl\/cic\/#\/schema\/person\/57f083da93216e68203d687897c20d72\"},\"headline\":\"Chile Territorio Futuro inici\u00f3 sus actividades con primera reuni\u00f3n de trabajo de expertos\",\"datePublished\":\"2022-06-02T06:30:01+00:00\",\"dateModified\":\"2022-12-07T17:16:32+00:00\",\"mainEntityOfPage\":{\"@id\":\"https:\/\/arquitectura.udd.cl\/cic\/2022\/06\/02\/chile-territorio-futuro-inicio-sus-actividades-con-primera-reunion-de-trabajo-de-expertos\/\"},\"wordCount\":321,\"commentCount\":0,\"image\":{\"@id\":\"https:\/\/arquitectura.udd.cl\/cic\/2022\/06\/02\/chile-territorio-futuro-inicio-sus-actividades-con-primera-reunion-de-trabajo-de-expertos\/#primaryimage\"},\"thumbnailUrl\":\"https:\/\/arquitectura.udd.cl\/cic\/files\/2022\/12\/chtf-16-noviembre.png\",\"articleSection\":[\"Noticias\"],\"inLanguage\":\"es\",\"potentialAction\":[{\"@type\":\"CommentAction\",\"name\":\"Comment\",\"target\":[\"https:\/\/arquitectura.udd.cl\/cic\/2022\/06\/02\/chile-territorio-futuro-inicio-sus-actividades-con-primera-reunion-de-trabajo-de-expertos\/#respond\"]}]},{\"@type\":\"WebPage\",\"@id\":\"https:\/\/arquitectura.udd.cl\/cic\/2022\/06\/02\/chile-territorio-futuro-inicio-sus-actividades-con-primera-reunion-de-trabajo-de-expertos\/\",\"url\":\"https:\/\/arquitectura.udd.cl\/cic\/2022\/06\/02\/chile-territorio-futuro-inicio-sus-actividades-con-primera-reunion-de-trabajo-de-expertos\/\",\"name\":\"Chile Territorio Futuro inici\u00f3 sus actividades con primera reuni\u00f3n de trabajo de expertos - Centro de Innovaci\u00f3n en Ciudades UDD\",\"isPartOf\":{\"@id\":\"https:\/\/arquitectura.udd.cl\/cic\/#website\"},\"primaryImageOfPage\":{\"@id\":\"https:\/\/arquitectura.udd.cl\/cic\/2022\/06\/02\/chile-territorio-futuro-inicio-sus-actividades-con-primera-reunion-de-trabajo-de-expertos\/#primaryimage\"},\"image\":{\"@id\":\"https:\/\/arquitectura.udd.cl\/cic\/2022\/06\/02\/chile-territorio-futuro-inicio-sus-actividades-con-primera-reunion-de-trabajo-de-expertos\/#primaryimage\"},\"thumbnailUrl\":\"https:\/\/arquitectura.udd.cl\/cic\/files\/2022\/12\/chtf-16-noviembre.png\",\"datePublished\":\"2022-06-02T06:30:01+00:00\",\"dateModified\":\"2022-12-07T17:16:32+00:00\",\"author\":{\"@id\":\"https:\/\/arquitectura.udd.cl\/cic\/#\/schema\/person\/57f083da93216e68203d687897c20d72\"},\"breadcrumb\":{\"@id\":\"https:\/\/arquitectura.udd.cl\/cic\/2022\/06\/02\/chile-territorio-futuro-inicio-sus-actividades-con-primera-reunion-de-trabajo-de-expertos\/#breadcrumb\"},\"inLanguage\":\"es\",\"potentialAction\":[{\"@type\":\"ReadAction\",\"target\":[\"https:\/\/arquitectura.udd.cl\/cic\/2022\/06\/02\/chile-territorio-futuro-inicio-sus-actividades-con-primera-reunion-de-trabajo-de-expertos\/\"]}]},{\"@type\":\"ImageObject\",\"inLanguage\":\"es\",\"@id\":\"https:\/\/arquitectura.udd.cl\/cic\/2022\/06\/02\/chile-territorio-futuro-inicio-sus-actividades-con-primera-reunion-de-trabajo-de-expertos\/#primaryimage\",\"url\":\"https:\/\/arquitectura.udd.cl\/cic\/files\/2022\/12\/chtf-16-noviembre.png\",\"contentUrl\":\"https:\/\/arquitectura.udd.cl\/cic\/files\/2022\/12\/chtf-16-noviembre.png\",\"width\":4724,\"height\":2835},{\"@type\":\"BreadcrumbList\",\"@id\":\"https:\/\/arquitectura.udd.cl\/cic\/2022\/06\/02\/chile-territorio-futuro-inicio-sus-actividades-con-primera-reunion-de-trabajo-de-expertos\/#breadcrumb\",\"itemListElement\":[{\"@type\":\"ListItem\",\"position\":1,\"name\":\"Portada\",\"item\":\"https:\/\/arquitectura.udd.cl\/cic\/\"},{\"@type\":\"ListItem\",\"position\":2,\"name\":\"Chile Territorio Futuro inici\u00f3 sus actividades con primera reuni\u00f3n de trabajo de expertos\"}]},{\"@type\":\"WebSite\",\"@id\":\"https:\/\/arquitectura.udd.cl\/cic\/#website\",\"url\":\"https:\/\/arquitectura.udd.cl\/cic\/\",\"name\":\"Centro de Innovaci\u00f3n en Ciudades UDD\",\"description\":\"\",\"inLanguage\":\"es\"},{\"@type\":\"Person\",\"@id\":\"https:\/\/arquitectura.udd.cl\/cic\/#\/schema\/person\/57f083da93216e68203d687897c20d72\",\"name\":\"cobregon\",\"image\":{\"@type\":\"ImageObject\",\"inLanguage\":\"es\",\"@id\":\"https:\/\/arquitectura.udd.cl\/cic\/#\/schema\/person\/image\/\",\"url\":\"https:\/\/secure.gravatar.com\/avatar\/f692f506aa28f46a9adc212c65edfecb7befb380f9419de99c43a8b98fd5177c?s=96&d=mm&r=g\",\"contentUrl\":\"https:\/\/secure.gravatar.com\/avatar\/f692f506aa28f46a9adc212c65edfecb7befb380f9419de99c43a8b98fd5177c?s=96&d=mm&r=g\",\"caption\":\"cobregon\"},\"url\":\"https:\/\/arquitectura.udd.cl\/cic\/author\/cobregon\/\"}]}<\/script>\n<!-- \/ Yoast SEO plugin. -->","yoast_head_json":{"title":"Chile Territorio Futuro inici\u00f3 sus actividades con primera reuni\u00f3n de trabajo de expertos - Centro de Innovaci\u00f3n en Ciudades UDD","robots":{"index":"index","follow":"follow","max-snippet":"max-snippet:-1","max-image-preview":"max-image-preview:large","max-video-preview":"max-video-preview:-1"},"canonical":"https:\/\/arquitectura.udd.cl\/cic\/2022\/06\/02\/chile-territorio-futuro-inicio-sus-actividades-con-primera-reunion-de-trabajo-de-expertos\/","og_locale":"es_ES","og_type":"article","og_title":"Chile Territorio Futuro inici\u00f3 sus actividades con primera reuni\u00f3n de trabajo de expertos - Centro de Innovaci\u00f3n en Ciudades UDD","og_description":"Chile Territorio Futuro tuvo su primera reuni\u00f3n que sirvi\u00f3 para planificar la ruta donde 100 expertos -que se dividir\u00e1n en distintos espacios de reflexi\u00f3n-, identificar\u00e1n se\u00f1ales emergentes y tendencias de cambio para construir propuestas en torno a los escenarios que podr\u00eda enfrentar nuestro pa\u00eds entre los a\u00f1os 2030 y 2050. Esta iniciativa, coordinada por el [&hellip;]","og_url":"https:\/\/arquitectura.udd.cl\/cic\/2022\/06\/02\/chile-territorio-futuro-inicio-sus-actividades-con-primera-reunion-de-trabajo-de-expertos\/","og_site_name":"Centro de Innovaci\u00f3n en Ciudades UDD","article_published_time":"2022-06-02T06:30:01+00:00","article_modified_time":"2022-12-07T17:16:32+00:00","og_image":[{"width":1024,"height":615,"url":"https:\/\/arquitectura.udd.cl\/cic\/files\/2022\/12\/chtf-16-noviembre-1024x615.png","type":"image\/png"}],"author":"cobregon","twitter_card":"summary_large_image","twitter_misc":{"Escrito por":"cobregon","Tiempo de lectura":"2 minutos"},"schema":{"@context":"https:\/\/schema.org","@graph":[{"@type":"Article","@id":"https:\/\/arquitectura.udd.cl\/cic\/2022\/06\/02\/chile-territorio-futuro-inicio-sus-actividades-con-primera-reunion-de-trabajo-de-expertos\/#article","isPartOf":{"@id":"https:\/\/arquitectura.udd.cl\/cic\/2022\/06\/02\/chile-territorio-futuro-inicio-sus-actividades-con-primera-reunion-de-trabajo-de-expertos\/"},"author":{"name":"cobregon","@id":"https:\/\/arquitectura.udd.cl\/cic\/#\/schema\/person\/57f083da93216e68203d687897c20d72"},"headline":"Chile Territorio Futuro inici\u00f3 sus actividades con primera reuni\u00f3n de trabajo de expertos","datePublished":"2022-06-02T06:30:01+00:00","dateModified":"2022-12-07T17:16:32+00:00","mainEntityOfPage":{"@id":"https:\/\/arquitectura.udd.cl\/cic\/2022\/06\/02\/chile-territorio-futuro-inicio-sus-actividades-con-primera-reunion-de-trabajo-de-expertos\/"},"wordCount":321,"commentCount":0,"image":{"@id":"https:\/\/arquitectura.udd.cl\/cic\/2022\/06\/02\/chile-territorio-futuro-inicio-sus-actividades-con-primera-reunion-de-trabajo-de-expertos\/#primaryimage"},"thumbnailUrl":"https:\/\/arquitectura.udd.cl\/cic\/files\/2022\/12\/chtf-16-noviembre.png","articleSection":["Noticias"],"inLanguage":"es","potentialAction":[{"@type":"CommentAction","name":"Comment","target":["https:\/\/arquitectura.udd.cl\/cic\/2022\/06\/02\/chile-territorio-futuro-inicio-sus-actividades-con-primera-reunion-de-trabajo-de-expertos\/#respond"]}]},{"@type":"WebPage","@id":"https:\/\/arquitectura.udd.cl\/cic\/2022\/06\/02\/chile-territorio-futuro-inicio-sus-actividades-con-primera-reunion-de-trabajo-de-expertos\/","url":"https:\/\/arquitectura.udd.cl\/cic\/2022\/06\/02\/chile-territorio-futuro-inicio-sus-actividades-con-primera-reunion-de-trabajo-de-expertos\/","name":"Chile Territorio Futuro inici\u00f3 sus actividades con primera reuni\u00f3n de trabajo de expertos - Centro de Innovaci\u00f3n en Ciudades UDD","isPartOf":{"@id":"https:\/\/arquitectura.udd.cl\/cic\/#website"},"primaryImageOfPage":{"@id":"https:\/\/arquitectura.udd.cl\/cic\/2022\/06\/02\/chile-territorio-futuro-inicio-sus-actividades-con-primera-reunion-de-trabajo-de-expertos\/#primaryimage"},"image":{"@id":"https:\/\/arquitectura.udd.cl\/cic\/2022\/06\/02\/chile-territorio-futuro-inicio-sus-actividades-con-primera-reunion-de-trabajo-de-expertos\/#primaryimage"},"thumbnailUrl":"https:\/\/arquitectura.udd.cl\/cic\/files\/2022\/12\/chtf-16-noviembre.png","datePublished":"2022-06-02T06:30:01+00:00","dateModified":"2022-12-07T17:16:32+00:00","author":{"@id":"https:\/\/arquitectura.udd.cl\/cic\/#\/schema\/person\/57f083da93216e68203d687897c20d72"},"breadcrumb":{"@id":"https:\/\/arquitectura.udd.cl\/cic\/2022\/06\/02\/chile-territorio-futuro-inicio-sus-actividades-con-primera-reunion-de-trabajo-de-expertos\/#breadcrumb"},"inLanguage":"es","potentialAction":[{"@type":"ReadAction","target":["https:\/\/arquitectura.udd.cl\/cic\/2022\/06\/02\/chile-territorio-futuro-inicio-sus-actividades-con-primera-reunion-de-trabajo-de-expertos\/"]}]},{"@type":"ImageObject","inLanguage":"es","@id":"https:\/\/arquitectura.udd.cl\/cic\/2022\/06\/02\/chile-territorio-futuro-inicio-sus-actividades-con-primera-reunion-de-trabajo-de-expertos\/#primaryimage","url":"https:\/\/arquitectura.udd.cl\/cic\/files\/2022\/12\/chtf-16-noviembre.png","contentUrl":"https:\/\/arquitectura.udd.cl\/cic\/files\/2022\/12\/chtf-16-noviembre.png","width":4724,"height":2835},{"@type":"BreadcrumbList","@id":"https:\/\/arquitectura.udd.cl\/cic\/2022\/06\/02\/chile-territorio-futuro-inicio-sus-actividades-con-primera-reunion-de-trabajo-de-expertos\/#breadcrumb","itemListElement":[{"@type":"ListItem","position":1,"name":"Portada","item":"https:\/\/arquitectura.udd.cl\/cic\/"},{"@type":"ListItem","position":2,"name":"Chile Territorio Futuro inici\u00f3 sus actividades con primera reuni\u00f3n de trabajo de expertos"}]},{"@type":"WebSite","@id":"https:\/\/arquitectura.udd.cl\/cic\/#website","url":"https:\/\/arquitectura.udd.cl\/cic\/","name":"Centro de Innovaci\u00f3n en Ciudades UDD","description":"","inLanguage":"es"},{"@type":"Person","@id":"https:\/\/arquitectura.udd.cl\/cic\/#\/schema\/person\/57f083da93216e68203d687897c20d72","name":"cobregon","image":{"@type":"ImageObject","inLanguage":"es","@id":"https:\/\/arquitectura.udd.cl\/cic\/#\/schema\/person\/image\/","url":"https:\/\/secure.gravatar.com\/avatar\/f692f506aa28f46a9adc212c65edfecb7befb380f9419de99c43a8b98fd5177c?s=96&d=mm&r=g","contentUrl":"https:\/\/secure.gravatar.com\/avatar\/f692f506aa28f46a9adc212c65edfecb7befb380f9419de99c43a8b98fd5177c?s=96&d=mm&r=g","caption":"cobregon"},"url":"https:\/\/arquitectura.udd.cl\/cic\/author\/cobregon\/"}]}},"featured_image_url":"https:\/\/arquitectura.udd.cl\/cic\/files\/2022\/12\/chtf-16-noviembre.png","_links":{"self":[{"href":"https:\/\/arquitectura.udd.cl\/cic\/wp-json\/wp\/v2\/posts\/518","targetHints":{"allow":["GET"]}}],"collection":[{"href":"https:\/\/arquitectura.udd.cl\/cic\/wp-json\/wp\/v2\/posts"}],"about":[{"href":"https:\/\/arquitectura.udd.cl\/cic\/wp-json\/wp\/v2\/types\/post"}],"author":[{"embeddable":true,"href":"https:\/\/arquitectura.udd.cl\/cic\/wp-json\/wp\/v2\/users\/9192204"}],"replies":[{"embeddable":true,"href":"https:\/\/arquitectura.udd.cl\/cic\/wp-json\/wp\/v2\/comments?post=518"}],"version-history":[{"count":1,"href":"https:\/\/arquitectura.udd.cl\/cic\/wp-json\/wp\/v2\/posts\/518\/revisions"}],"predecessor-version":[{"id":520,"href":"https:\/\/arquitectura.udd.cl\/cic\/wp-json\/wp\/v2\/posts\/518\/revisions\/520"}],"wp:featuredmedia":[{"embeddable":true,"href":"https:\/\/arquitectura.udd.cl\/cic\/wp-json\/wp\/v2\/media\/519"}],"wp:attachment":[{"href":"https:\/\/arquitectura.udd.cl\/cic\/wp-json\/wp\/v2\/media?parent=518"}],"wp:term":[{"taxonomy":"category","embeddable":true,"href":"https:\/\/arquitectura.udd.cl\/cic\/wp-json\/wp\/v2\/categories?post=518"},{"taxonomy":"post_tag","embeddable":true,"href":"https:\/\/arquitectura.udd.cl\/cic\/wp-json\/wp\/v2\/tags?post=518"}],"curies":[{"name":"wp","href":"https:\/\/api.w.org\/{rel}","templated":true}]}}