{"id":498,"date":"2022-11-30T08:30:39","date_gmt":"2022-11-30T07:30:39","guid":{"rendered":"https:\/\/arquitectura.udd.cl\/cic\/?p=498"},"modified":"2022-12-07T01:01:02","modified_gmt":"2022-12-07T00:01:02","slug":"francisca-astaburuaga-directora-de-cic-presente-en-pacto-social-de-icare","status":"publish","type":"post","link":"https:\/\/arquitectura.udd.cl\/cic\/2022\/11\/30\/francisca-astaburuaga-directora-de-cic-presente-en-pacto-social-de-icare\/","title":{"rendered":"Francisca Astaburuaga, Directora del CIC presente en \u00abPacto Social\u00bb de icare"},"content":{"rendered":"\n<p>Tema. Ciudad, integraci\u00f3n y equidad: Desaf\u00edos transversales<\/p>\n\n\n\n<figure class=\"wp-block-embed is-type-video is-provider-youtube wp-block-embed-youtube wp-embed-aspect-16-9 wp-has-aspect-ratio\"><div class=\"wp-block-embed__wrapper\">\nhttps:\/\/www.youtube.com\/watch?v=RO39IKm1pkU&#038;list=PL7Q2rQWDTsnNnn_lCBoinDdy7ZIJzJsV5&#038;index=13\n<\/div><\/figure>\n","protected":false},"excerpt":{"rendered":"<p>Tema. Ciudad, integraci\u00f3n y equidad: Desaf\u00edos transversales<\/p>\n","protected":false},"author":9192204,"featured_media":502,"comment_status":"open","ping_status":"open","sticky":false,"template":"","format":"standard","meta":{"footnotes":""},"categories":[3],"tags":[],"class_list":["post-498","post","type-post","status-publish","format-standard","has-post-thumbnail","hentry","category-noticias"],"yoast_head":"<!-- This site is optimized with the Yoast SEO plugin v26.9 - https:\/\/yoast.com\/product\/yoast-seo-wordpress\/ -->\n<title>Francisca Astaburuaga, Directora del CIC presente en &quot;Pacto Social&quot; de icare - Centro de Innovaci\u00f3n en Ciudades UDD<\/title>\n<meta name=\"robots\" content=\"index, follow, max-snippet:-1, max-image-preview:large, max-video-preview:-1\" \/>\n<link rel=\"canonical\" href=\"https:\/\/arquitectura.udd.cl\/cic\/2022\/11\/30\/francisca-astaburuaga-directora-de-cic-presente-en-pacto-social-de-icare\/\" \/>\n<meta property=\"og:locale\" content=\"es_ES\" \/>\n<meta property=\"og:type\" content=\"article\" \/>\n<meta property=\"og:title\" content=\"Francisca Astaburuaga, Directora del CIC presente en &quot;Pacto Social&quot; de icare - Centro de Innovaci\u00f3n en Ciudades UDD\" \/>\n<meta property=\"og:description\" content=\"Tema. Ciudad, integraci\u00f3n y equidad: Desaf\u00edos transversales\" \/>\n<meta property=\"og:url\" content=\"https:\/\/arquitectura.udd.cl\/cic\/2022\/11\/30\/francisca-astaburuaga-directora-de-cic-presente-en-pacto-social-de-icare\/\" \/>\n<meta property=\"og:site_name\" content=\"Centro de Innovaci\u00f3n en Ciudades UDD\" \/>\n<meta property=\"article:published_time\" content=\"2022-11-30T07:30:39+00:00\" \/>\n<meta property=\"article:modified_time\" content=\"2022-12-07T00:01:02+00:00\" \/>\n<meta property=\"og:image\" content=\"https:\/\/arquitectura.udd.cl\/cic\/files\/2022\/11\/icare-1.png\" \/>\n\t<meta property=\"og:image:width\" content=\"1533\" \/>\n\t<meta property=\"og:image:height\" content=\"854\" \/>\n\t<meta property=\"og:image:type\" content=\"image\/png\" \/>\n<meta name=\"author\" content=\"cobregon\" \/>\n<meta name=\"twitter:card\" content=\"summary_large_image\" \/>\n<meta name=\"twitter:label1\" content=\"Escrito por\" \/>\n\t<meta name=\"twitter:data1\" content=\"cobregon\" \/>\n\t<meta name=\"twitter:label2\" content=\"Tiempo de lectura\" \/>\n\t<meta name=\"twitter:data2\" content=\"1 minuto\" \/>\n<script type=\"application\/ld+json\" class=\"yoast-schema-graph\">{\"@context\":\"https:\/\/schema.org\",\"@graph\":[{\"@type\":\"Article\",\"@id\":\"https:\/\/arquitectura.udd.cl\/cic\/2022\/11\/30\/francisca-astaburuaga-directora-de-cic-presente-en-pacto-social-de-icare\/#article\",\"isPartOf\":{\"@id\":\"https:\/\/arquitectura.udd.cl\/cic\/2022\/11\/30\/francisca-astaburuaga-directora-de-cic-presente-en-pacto-social-de-icare\/\"},\"author\":{\"name\":\"cobregon\",\"@id\":\"https:\/\/arquitectura.udd.cl\/cic\/#\/schema\/person\/57f083da93216e68203d687897c20d72\"},\"headline\":\"Francisca Astaburuaga, Directora del CIC presente en \u00abPacto Social\u00bb de icare\",\"datePublished\":\"2022-11-30T07:30:39+00:00\",\"dateModified\":\"2022-12-07T00:01:02+00:00\",\"mainEntityOfPage\":{\"@id\":\"https:\/\/arquitectura.udd.cl\/cic\/2022\/11\/30\/francisca-astaburuaga-directora-de-cic-presente-en-pacto-social-de-icare\/\"},\"wordCount\":38,\"commentCount\":0,\"image\":{\"@id\":\"https:\/\/arquitectura.udd.cl\/cic\/2022\/11\/30\/francisca-astaburuaga-directora-de-cic-presente-en-pacto-social-de-icare\/#primaryimage\"},\"thumbnailUrl\":\"https:\/\/arquitectura.udd.cl\/cic\/files\/2022\/11\/icare-1.png\",\"articleSection\":[\"Noticias\"],\"inLanguage\":\"es\",\"potentialAction\":[{\"@type\":\"CommentAction\",\"name\":\"Comment\",\"target\":[\"https:\/\/arquitectura.udd.cl\/cic\/2022\/11\/30\/francisca-astaburuaga-directora-de-cic-presente-en-pacto-social-de-icare\/#respond\"]}]},{\"@type\":\"WebPage\",\"@id\":\"https:\/\/arquitectura.udd.cl\/cic\/2022\/11\/30\/francisca-astaburuaga-directora-de-cic-presente-en-pacto-social-de-icare\/\",\"url\":\"https:\/\/arquitectura.udd.cl\/cic\/2022\/11\/30\/francisca-astaburuaga-directora-de-cic-presente-en-pacto-social-de-icare\/\",\"name\":\"Francisca Astaburuaga, Directora del CIC presente en \\\"Pacto Social\\\" de icare - Centro de Innovaci\u00f3n en Ciudades UDD\",\"isPartOf\":{\"@id\":\"https:\/\/arquitectura.udd.cl\/cic\/#website\"},\"primaryImageOfPage\":{\"@id\":\"https:\/\/arquitectura.udd.cl\/cic\/2022\/11\/30\/francisca-astaburuaga-directora-de-cic-presente-en-pacto-social-de-icare\/#primaryimage\"},\"image\":{\"@id\":\"https:\/\/arquitectura.udd.cl\/cic\/2022\/11\/30\/francisca-astaburuaga-directora-de-cic-presente-en-pacto-social-de-icare\/#primaryimage\"},\"thumbnailUrl\":\"https:\/\/arquitectura.udd.cl\/cic\/files\/2022\/11\/icare-1.png\",\"datePublished\":\"2022-11-30T07:30:39+00:00\",\"dateModified\":\"2022-12-07T00:01:02+00:00\",\"author\":{\"@id\":\"https:\/\/arquitectura.udd.cl\/cic\/#\/schema\/person\/57f083da93216e68203d687897c20d72\"},\"breadcrumb\":{\"@id\":\"https:\/\/arquitectura.udd.cl\/cic\/2022\/11\/30\/francisca-astaburuaga-directora-de-cic-presente-en-pacto-social-de-icare\/#breadcrumb\"},\"inLanguage\":\"es\",\"potentialAction\":[{\"@type\":\"ReadAction\",\"target\":[\"https:\/\/arquitectura.udd.cl\/cic\/2022\/11\/30\/francisca-astaburuaga-directora-de-cic-presente-en-pacto-social-de-icare\/\"]}]},{\"@type\":\"ImageObject\",\"inLanguage\":\"es\",\"@id\":\"https:\/\/arquitectura.udd.cl\/cic\/2022\/11\/30\/francisca-astaburuaga-directora-de-cic-presente-en-pacto-social-de-icare\/#primaryimage\",\"url\":\"https:\/\/arquitectura.udd.cl\/cic\/files\/2022\/11\/icare-1.png\",\"contentUrl\":\"https:\/\/arquitectura.udd.cl\/cic\/files\/2022\/11\/icare-1.png\",\"width\":1533,\"height\":854},{\"@type\":\"BreadcrumbList\",\"@id\":\"https:\/\/arquitectura.udd.cl\/cic\/2022\/11\/30\/francisca-astaburuaga-directora-de-cic-presente-en-pacto-social-de-icare\/#breadcrumb\",\"itemListElement\":[{\"@type\":\"ListItem\",\"position\":1,\"name\":\"Portada\",\"item\":\"https:\/\/arquitectura.udd.cl\/cic\/\"},{\"@type\":\"ListItem\",\"position\":2,\"name\":\"Francisca Astaburuaga, Directora del CIC presente en \u00abPacto Social\u00bb de icare\"}]},{\"@type\":\"WebSite\",\"@id\":\"https:\/\/arquitectura.udd.cl\/cic\/#website\",\"url\":\"https:\/\/arquitectura.udd.cl\/cic\/\",\"name\":\"Centro de Innovaci\u00f3n en Ciudades UDD\",\"description\":\"\",\"inLanguage\":\"es\"},{\"@type\":\"Person\",\"@id\":\"https:\/\/arquitectura.udd.cl\/cic\/#\/schema\/person\/57f083da93216e68203d687897c20d72\",\"name\":\"cobregon\",\"image\":{\"@type\":\"ImageObject\",\"inLanguage\":\"es\",\"@id\":\"https:\/\/arquitectura.udd.cl\/cic\/#\/schema\/person\/image\/\",\"url\":\"https:\/\/secure.gravatar.com\/avatar\/f692f506aa28f46a9adc212c65edfecb7befb380f9419de99c43a8b98fd5177c?s=96&d=mm&r=g\",\"contentUrl\":\"https:\/\/secure.gravatar.com\/avatar\/f692f506aa28f46a9adc212c65edfecb7befb380f9419de99c43a8b98fd5177c?s=96&d=mm&r=g\",\"caption\":\"cobregon\"},\"url\":\"https:\/\/arquitectura.udd.cl\/cic\/author\/cobregon\/\"}]}<\/script>\n<!-- \/ Yoast SEO plugin. -->","yoast_head_json":{"title":"Francisca Astaburuaga, Directora del CIC presente en \"Pacto Social\" de icare - Centro de Innovaci\u00f3n en Ciudades UDD","robots":{"index":"index","follow":"follow","max-snippet":"max-snippet:-1","max-image-preview":"max-image-preview:large","max-video-preview":"max-video-preview:-1"},"canonical":"https:\/\/arquitectura.udd.cl\/cic\/2022\/11\/30\/francisca-astaburuaga-directora-de-cic-presente-en-pacto-social-de-icare\/","og_locale":"es_ES","og_type":"article","og_title":"Francisca Astaburuaga, Directora del CIC presente en \"Pacto Social\" de icare - Centro de Innovaci\u00f3n en Ciudades UDD","og_description":"Tema. Ciudad, integraci\u00f3n y equidad: Desaf\u00edos transversales","og_url":"https:\/\/arquitectura.udd.cl\/cic\/2022\/11\/30\/francisca-astaburuaga-directora-de-cic-presente-en-pacto-social-de-icare\/","og_site_name":"Centro de Innovaci\u00f3n en Ciudades UDD","article_published_time":"2022-11-30T07:30:39+00:00","article_modified_time":"2022-12-07T00:01:02+00:00","og_image":[{"width":1533,"height":854,"url":"https:\/\/arquitectura.udd.cl\/cic\/files\/2022\/11\/icare-1.png","type":"image\/png"}],"author":"cobregon","twitter_card":"summary_large_image","twitter_misc":{"Escrito por":"cobregon","Tiempo de lectura":"1 minuto"},"schema":{"@context":"https:\/\/schema.org","@graph":[{"@type":"Article","@id":"https:\/\/arquitectura.udd.cl\/cic\/2022\/11\/30\/francisca-astaburuaga-directora-de-cic-presente-en-pacto-social-de-icare\/#article","isPartOf":{"@id":"https:\/\/arquitectura.udd.cl\/cic\/2022\/11\/30\/francisca-astaburuaga-directora-de-cic-presente-en-pacto-social-de-icare\/"},"author":{"name":"cobregon","@id":"https:\/\/arquitectura.udd.cl\/cic\/#\/schema\/person\/57f083da93216e68203d687897c20d72"},"headline":"Francisca Astaburuaga, Directora del CIC presente en \u00abPacto Social\u00bb de icare","datePublished":"2022-11-30T07:30:39+00:00","dateModified":"2022-12-07T00:01:02+00:00","mainEntityOfPage":{"@id":"https:\/\/arquitectura.udd.cl\/cic\/2022\/11\/30\/francisca-astaburuaga-directora-de-cic-presente-en-pacto-social-de-icare\/"},"wordCount":38,"commentCount":0,"image":{"@id":"https:\/\/arquitectura.udd.cl\/cic\/2022\/11\/30\/francisca-astaburuaga-directora-de-cic-presente-en-pacto-social-de-icare\/#primaryimage"},"thumbnailUrl":"https:\/\/arquitectura.udd.cl\/cic\/files\/2022\/11\/icare-1.png","articleSection":["Noticias"],"inLanguage":"es","potentialAction":[{"@type":"CommentAction","name":"Comment","target":["https:\/\/arquitectura.udd.cl\/cic\/2022\/11\/30\/francisca-astaburuaga-directora-de-cic-presente-en-pacto-social-de-icare\/#respond"]}]},{"@type":"WebPage","@id":"https:\/\/arquitectura.udd.cl\/cic\/2022\/11\/30\/francisca-astaburuaga-directora-de-cic-presente-en-pacto-social-de-icare\/","url":"https:\/\/arquitectura.udd.cl\/cic\/2022\/11\/30\/francisca-astaburuaga-directora-de-cic-presente-en-pacto-social-de-icare\/","name":"Francisca Astaburuaga, Directora del CIC presente en \"Pacto Social\" de icare - Centro de Innovaci\u00f3n en Ciudades UDD","isPartOf":{"@id":"https:\/\/arquitectura.udd.cl\/cic\/#website"},"primaryImageOfPage":{"@id":"https:\/\/arquitectura.udd.cl\/cic\/2022\/11\/30\/francisca-astaburuaga-directora-de-cic-presente-en-pacto-social-de-icare\/#primaryimage"},"image":{"@id":"https:\/\/arquitectura.udd.cl\/cic\/2022\/11\/30\/francisca-astaburuaga-directora-de-cic-presente-en-pacto-social-de-icare\/#primaryimage"},"thumbnailUrl":"https:\/\/arquitectura.udd.cl\/cic\/files\/2022\/11\/icare-1.png","datePublished":"2022-11-30T07:30:39+00:00","dateModified":"2022-12-07T00:01:02+00:00","author":{"@id":"https:\/\/arquitectura.udd.cl\/cic\/#\/schema\/person\/57f083da93216e68203d687897c20d72"},"breadcrumb":{"@id":"https:\/\/arquitectura.udd.cl\/cic\/2022\/11\/30\/francisca-astaburuaga-directora-de-cic-presente-en-pacto-social-de-icare\/#breadcrumb"},"inLanguage":"es","potentialAction":[{"@type":"ReadAction","target":["https:\/\/arquitectura.udd.cl\/cic\/2022\/11\/30\/francisca-astaburuaga-directora-de-cic-presente-en-pacto-social-de-icare\/"]}]},{"@type":"ImageObject","inLanguage":"es","@id":"https:\/\/arquitectura.udd.cl\/cic\/2022\/11\/30\/francisca-astaburuaga-directora-de-cic-presente-en-pacto-social-de-icare\/#primaryimage","url":"https:\/\/arquitectura.udd.cl\/cic\/files\/2022\/11\/icare-1.png","contentUrl":"https:\/\/arquitectura.udd.cl\/cic\/files\/2022\/11\/icare-1.png","width":1533,"height":854},{"@type":"BreadcrumbList","@id":"https:\/\/arquitectura.udd.cl\/cic\/2022\/11\/30\/francisca-astaburuaga-directora-de-cic-presente-en-pacto-social-de-icare\/#breadcrumb","itemListElement":[{"@type":"ListItem","position":1,"name":"Portada","item":"https:\/\/arquitectura.udd.cl\/cic\/"},{"@type":"ListItem","position":2,"name":"Francisca Astaburuaga, Directora del CIC presente en \u00abPacto Social\u00bb de icare"}]},{"@type":"WebSite","@id":"https:\/\/arquitectura.udd.cl\/cic\/#website","url":"https:\/\/arquitectura.udd.cl\/cic\/","name":"Centro de Innovaci\u00f3n en Ciudades UDD","description":"","inLanguage":"es"},{"@type":"Person","@id":"https:\/\/arquitectura.udd.cl\/cic\/#\/schema\/person\/57f083da93216e68203d687897c20d72","name":"cobregon","image":{"@type":"ImageObject","inLanguage":"es","@id":"https:\/\/arquitectura.udd.cl\/cic\/#\/schema\/person\/image\/","url":"https:\/\/secure.gravatar.com\/avatar\/f692f506aa28f46a9adc212c65edfecb7befb380f9419de99c43a8b98fd5177c?s=96&d=mm&r=g","contentUrl":"https:\/\/secure.gravatar.com\/avatar\/f692f506aa28f46a9adc212c65edfecb7befb380f9419de99c43a8b98fd5177c?s=96&d=mm&r=g","caption":"cobregon"},"url":"https:\/\/arquitectura.udd.cl\/cic\/author\/cobregon\/"}]}},"featured_image_url":"https:\/\/arquitectura.udd.cl\/cic\/files\/2022\/11\/icare-1.png","_links":{"self":[{"href":"https:\/\/arquitectura.udd.cl\/cic\/wp-json\/wp\/v2\/posts\/498","targetHints":{"allow":["GET"]}}],"collection":[{"href":"https:\/\/arquitectura.udd.cl\/cic\/wp-json\/wp\/v2\/posts"}],"about":[{"href":"https:\/\/arquitectura.udd.cl\/cic\/wp-json\/wp\/v2\/types\/post"}],"author":[{"embeddable":true,"href":"https:\/\/arquitectura.udd.cl\/cic\/wp-json\/wp\/v2\/users\/9192204"}],"replies":[{"embeddable":true,"href":"https:\/\/arquitectura.udd.cl\/cic\/wp-json\/wp\/v2\/comments?post=498"}],"version-history":[{"count":2,"href":"https:\/\/arquitectura.udd.cl\/cic\/wp-json\/wp\/v2\/posts\/498\/revisions"}],"predecessor-version":[{"id":501,"href":"https:\/\/arquitectura.udd.cl\/cic\/wp-json\/wp\/v2\/posts\/498\/revisions\/501"}],"wp:featuredmedia":[{"embeddable":true,"href":"https:\/\/arquitectura.udd.cl\/cic\/wp-json\/wp\/v2\/media\/502"}],"wp:attachment":[{"href":"https:\/\/arquitectura.udd.cl\/cic\/wp-json\/wp\/v2\/media?parent=498"}],"wp:term":[{"taxonomy":"category","embeddable":true,"href":"https:\/\/arquitectura.udd.cl\/cic\/wp-json\/wp\/v2\/categories?post=498"},{"taxonomy":"post_tag","embeddable":true,"href":"https:\/\/arquitectura.udd.cl\/cic\/wp-json\/wp\/v2\/tags?post=498"}],"curies":[{"name":"wp","href":"https:\/\/api.w.org\/{rel}","templated":true}]}}