{"id":479,"date":"2022-08-22T08:30:16","date_gmt":"2022-08-22T06:30:16","guid":{"rendered":"https:\/\/arquitectura.udd.cl\/cic\/?p=479"},"modified":"2022-12-06T21:01:25","modified_gmt":"2022-12-06T20:01:25","slug":"wildfirex-la-plataforma-creada-por-udd-y-la-universidad-de-melbourne-que-busca-la-reduccion-de-incendios","status":"publish","type":"post","link":"https:\/\/arquitectura.udd.cl\/cic\/2022\/08\/22\/wildfirex-la-plataforma-creada-por-udd-y-la-universidad-de-melbourne-que-busca-la-reduccion-de-incendios\/","title":{"rendered":"WildfireX: la plataforma creada por UDD y la Universidad de Melbourne que busca la reducci\u00f3n de incendios"},"content":{"rendered":"\n<figure class=\"wp-block-gallery has-nested-images columns-default is-cropped wp-block-gallery-1 is-layout-flex wp-block-gallery-is-layout-flex\">\n<figure class=\"wp-block-image size-large\"><img loading=\"lazy\" decoding=\"async\" width=\"1024\" height=\"683\" data-id=\"480\" src=\"https:\/\/arquitectura.udd.cl\/cic\/files\/2022\/12\/pexels-big-dee-4837971-1536x1024-1-1024x683.jpg\" alt=\"\" class=\"wp-image-480\" srcset=\"https:\/\/arquitectura.udd.cl\/cic\/files\/2022\/12\/pexels-big-dee-4837971-1536x1024-1-1024x683.jpg 1024w, https:\/\/arquitectura.udd.cl\/cic\/files\/2022\/12\/pexels-big-dee-4837971-1536x1024-1-300x200.jpg 300w, https:\/\/arquitectura.udd.cl\/cic\/files\/2022\/12\/pexels-big-dee-4837971-1536x1024-1-768x512.jpg 768w, https:\/\/arquitectura.udd.cl\/cic\/files\/2022\/12\/pexels-big-dee-4837971-1536x1024-1.jpg 1536w\" sizes=\"auto, (max-width: 1024px) 100vw, 1024px\" \/><\/figure>\n<\/figure>\n\n\n\n<p>Las devastadoras consecuencias de los incendios forestales y sus impactos a nivel social, econ\u00f3mico y ambiental llevaron a una alianza entre la Universidad de Desarrollo y la Universidad de Melbourne para crear WildfireX, una plataforma online que busca intercambiar, desarrollar y consolidar conocimientos sobre la reducci\u00f3n de estos siniestros en el medio construido.<\/p>\n\n\n\n<p>Constanza Gonz\u00e1lez, directora del proyecto y acad\u00e9mica de la Facultad de Arquitectura y Arte de la UDD, explica que se trata de un equipo interdisciplinario de expertos de Chile y Australia. \u201cEsperamos que a futuro esta plataforma siga creciendo, aumentando y actualizando su contenido, fortaleciendo las redes entre ambos pa\u00edses y llegando a m\u00e1s personas que se beneficien de conocimiento accesible y actualizado sobre prevenci\u00f3n del riesgo de incendios forestales, sobre todo en zonas de interfaz urbano-rural\u201d, comenta.<\/p>\n\n\n\n<p>Por otro lado, Alan March, co-director de WildfireX y acad\u00e9mico de la Universidad de Melbourne, destaca que la colaboraci\u00f3n se da debido a que \u201ccada pa\u00eds cuenta con instituciones de reducci\u00f3n del riesgo de desastres bien desarrolladas y experiencia que se extiende a trav\u00e9s de los desaf\u00edos planteados por una variedad de peligros naturales. Lo que es m\u00e1s importante, tanto Chile como Australia enfrentan importantes riesgos de incendios forestales, y cada pa\u00eds tiene una fuerte tradici\u00f3n de tratar de reducir estos riesgos\u201d.<\/p>\n\n\n\n<p>El proyecto es financiado por el Gobierno de Australia y cuenta con un comit\u00e9 asesor en el que participan representantes de: Conaf, Corma, Seremi MINVU, Itrend, CSIRO, Natural Hazard Research Australia, Australian Institute of Disaster Resilience, Country Fire Authority, Universidades y Centros de Investigaci\u00f3n, entre otros.&nbsp;<\/p>\n\n\n\n<p>Gonz\u00e1lez recalca que \u201cotros participantes contribuyen con contenidos, tales como representantes de comunidades afectadas por los incendios o acad\u00e9micos de otros pa\u00edses. Tambi\u00e9n se realizan diversas actividades de difusi\u00f3n y colaboraci\u00f3n, como seminarios y workshops abiertos a toda la comunidad\u201d. Lo anterior disponible en:&nbsp;<a href=\"https:\/\/wildfirex.org\/\">https:\/\/wildfirex.org\/<\/a><\/p>\n","protected":false},"excerpt":{"rendered":"<p>Las devastadoras consecuencias de los incendios forestales y sus impactos a nivel social, econ\u00f3mico y ambiental llevaron a una alianza entre la Universidad de Desarrollo y la Universidad de Melbourne para crear WildfireX, una plataforma online que busca intercambiar, desarrollar y consolidar conocimientos sobre la reducci\u00f3n de estos siniestros en el medio construido. Constanza Gonz\u00e1lez, [&hellip;]<\/p>\n","protected":false},"author":9192204,"featured_media":480,"comment_status":"open","ping_status":"open","sticky":false,"template":"","format":"standard","meta":{"footnotes":""},"categories":[3],"tags":[],"class_list":["post-479","post","type-post","status-publish","format-standard","has-post-thumbnail","hentry","category-noticias"],"yoast_head":"<!-- This site is optimized with the Yoast SEO plugin v26.9 - https:\/\/yoast.com\/product\/yoast-seo-wordpress\/ -->\n<title>WildfireX: la plataforma creada por UDD y la Universidad de Melbourne que busca la reducci\u00f3n de incendios - Centro de Innovaci\u00f3n en Ciudades UDD<\/title>\n<meta name=\"robots\" content=\"index, follow, max-snippet:-1, max-image-preview:large, max-video-preview:-1\" \/>\n<link rel=\"canonical\" href=\"https:\/\/arquitectura.udd.cl\/cic\/2022\/08\/22\/wildfirex-la-plataforma-creada-por-udd-y-la-universidad-de-melbourne-que-busca-la-reduccion-de-incendios\/\" \/>\n<meta property=\"og:locale\" content=\"es_ES\" \/>\n<meta property=\"og:type\" content=\"article\" \/>\n<meta property=\"og:title\" content=\"WildfireX: la plataforma creada por UDD y la Universidad de Melbourne que busca la reducci\u00f3n de incendios - Centro de Innovaci\u00f3n en Ciudades UDD\" \/>\n<meta property=\"og:description\" content=\"Las devastadoras consecuencias de los incendios forestales y sus impactos a nivel social, econ\u00f3mico y ambiental llevaron a una alianza entre la Universidad de Desarrollo y la Universidad de Melbourne para crear WildfireX, una plataforma online que busca intercambiar, desarrollar y consolidar conocimientos sobre la reducci\u00f3n de estos siniestros en el medio construido. Constanza Gonz\u00e1lez, [&hellip;]\" \/>\n<meta property=\"og:url\" content=\"https:\/\/arquitectura.udd.cl\/cic\/2022\/08\/22\/wildfirex-la-plataforma-creada-por-udd-y-la-universidad-de-melbourne-que-busca-la-reduccion-de-incendios\/\" \/>\n<meta property=\"og:site_name\" content=\"Centro de Innovaci\u00f3n en Ciudades UDD\" \/>\n<meta property=\"article:published_time\" content=\"2022-08-22T06:30:16+00:00\" \/>\n<meta property=\"article:modified_time\" content=\"2022-12-06T20:01:25+00:00\" \/>\n<meta property=\"og:image\" content=\"https:\/\/arquitectura.udd.cl\/cic\/files\/2022\/12\/pexels-big-dee-4837971-1536x1024-1.jpg\" \/>\n\t<meta property=\"og:image:width\" content=\"1536\" \/>\n\t<meta property=\"og:image:height\" content=\"1024\" \/>\n\t<meta property=\"og:image:type\" content=\"image\/jpeg\" \/>\n<meta name=\"author\" content=\"cobregon\" \/>\n<meta name=\"twitter:card\" content=\"summary_large_image\" \/>\n<meta name=\"twitter:label1\" content=\"Escrito por\" \/>\n\t<meta name=\"twitter:data1\" content=\"cobregon\" \/>\n\t<meta name=\"twitter:label2\" content=\"Tiempo de lectura\" \/>\n\t<meta name=\"twitter:data2\" content=\"2 minutos\" \/>\n<script type=\"application\/ld+json\" class=\"yoast-schema-graph\">{\"@context\":\"https:\/\/schema.org\",\"@graph\":[{\"@type\":\"Article\",\"@id\":\"https:\/\/arquitectura.udd.cl\/cic\/2022\/08\/22\/wildfirex-la-plataforma-creada-por-udd-y-la-universidad-de-melbourne-que-busca-la-reduccion-de-incendios\/#article\",\"isPartOf\":{\"@id\":\"https:\/\/arquitectura.udd.cl\/cic\/2022\/08\/22\/wildfirex-la-plataforma-creada-por-udd-y-la-universidad-de-melbourne-que-busca-la-reduccion-de-incendios\/\"},\"author\":{\"name\":\"cobregon\",\"@id\":\"https:\/\/arquitectura.udd.cl\/cic\/#\/schema\/person\/57f083da93216e68203d687897c20d72\"},\"headline\":\"WildfireX: la plataforma creada por UDD y la Universidad de Melbourne que busca la reducci\u00f3n de incendios\",\"datePublished\":\"2022-08-22T06:30:16+00:00\",\"dateModified\":\"2022-12-06T20:01:25+00:00\",\"mainEntityOfPage\":{\"@id\":\"https:\/\/arquitectura.udd.cl\/cic\/2022\/08\/22\/wildfirex-la-plataforma-creada-por-udd-y-la-universidad-de-melbourne-que-busca-la-reduccion-de-incendios\/\"},\"wordCount\":349,\"commentCount\":0,\"image\":{\"@id\":\"https:\/\/arquitectura.udd.cl\/cic\/2022\/08\/22\/wildfirex-la-plataforma-creada-por-udd-y-la-universidad-de-melbourne-que-busca-la-reduccion-de-incendios\/#primaryimage\"},\"thumbnailUrl\":\"https:\/\/arquitectura.udd.cl\/cic\/files\/2022\/12\/pexels-big-dee-4837971-1536x1024-1.jpg\",\"articleSection\":[\"Noticias\"],\"inLanguage\":\"es\",\"potentialAction\":[{\"@type\":\"CommentAction\",\"name\":\"Comment\",\"target\":[\"https:\/\/arquitectura.udd.cl\/cic\/2022\/08\/22\/wildfirex-la-plataforma-creada-por-udd-y-la-universidad-de-melbourne-que-busca-la-reduccion-de-incendios\/#respond\"]}]},{\"@type\":\"WebPage\",\"@id\":\"https:\/\/arquitectura.udd.cl\/cic\/2022\/08\/22\/wildfirex-la-plataforma-creada-por-udd-y-la-universidad-de-melbourne-que-busca-la-reduccion-de-incendios\/\",\"url\":\"https:\/\/arquitectura.udd.cl\/cic\/2022\/08\/22\/wildfirex-la-plataforma-creada-por-udd-y-la-universidad-de-melbourne-que-busca-la-reduccion-de-incendios\/\",\"name\":\"WildfireX: la plataforma creada por UDD y la Universidad de Melbourne que busca la reducci\u00f3n de incendios - Centro de Innovaci\u00f3n en Ciudades UDD\",\"isPartOf\":{\"@id\":\"https:\/\/arquitectura.udd.cl\/cic\/#website\"},\"primaryImageOfPage\":{\"@id\":\"https:\/\/arquitectura.udd.cl\/cic\/2022\/08\/22\/wildfirex-la-plataforma-creada-por-udd-y-la-universidad-de-melbourne-que-busca-la-reduccion-de-incendios\/#primaryimage\"},\"image\":{\"@id\":\"https:\/\/arquitectura.udd.cl\/cic\/2022\/08\/22\/wildfirex-la-plataforma-creada-por-udd-y-la-universidad-de-melbourne-que-busca-la-reduccion-de-incendios\/#primaryimage\"},\"thumbnailUrl\":\"https:\/\/arquitectura.udd.cl\/cic\/files\/2022\/12\/pexels-big-dee-4837971-1536x1024-1.jpg\",\"datePublished\":\"2022-08-22T06:30:16+00:00\",\"dateModified\":\"2022-12-06T20:01:25+00:00\",\"author\":{\"@id\":\"https:\/\/arquitectura.udd.cl\/cic\/#\/schema\/person\/57f083da93216e68203d687897c20d72\"},\"breadcrumb\":{\"@id\":\"https:\/\/arquitectura.udd.cl\/cic\/2022\/08\/22\/wildfirex-la-plataforma-creada-por-udd-y-la-universidad-de-melbourne-que-busca-la-reduccion-de-incendios\/#breadcrumb\"},\"inLanguage\":\"es\",\"potentialAction\":[{\"@type\":\"ReadAction\",\"target\":[\"https:\/\/arquitectura.udd.cl\/cic\/2022\/08\/22\/wildfirex-la-plataforma-creada-por-udd-y-la-universidad-de-melbourne-que-busca-la-reduccion-de-incendios\/\"]}]},{\"@type\":\"ImageObject\",\"inLanguage\":\"es\",\"@id\":\"https:\/\/arquitectura.udd.cl\/cic\/2022\/08\/22\/wildfirex-la-plataforma-creada-por-udd-y-la-universidad-de-melbourne-que-busca-la-reduccion-de-incendios\/#primaryimage\",\"url\":\"https:\/\/arquitectura.udd.cl\/cic\/files\/2022\/12\/pexels-big-dee-4837971-1536x1024-1.jpg\",\"contentUrl\":\"https:\/\/arquitectura.udd.cl\/cic\/files\/2022\/12\/pexels-big-dee-4837971-1536x1024-1.jpg\",\"width\":1536,\"height\":1024},{\"@type\":\"BreadcrumbList\",\"@id\":\"https:\/\/arquitectura.udd.cl\/cic\/2022\/08\/22\/wildfirex-la-plataforma-creada-por-udd-y-la-universidad-de-melbourne-que-busca-la-reduccion-de-incendios\/#breadcrumb\",\"itemListElement\":[{\"@type\":\"ListItem\",\"position\":1,\"name\":\"Portada\",\"item\":\"https:\/\/arquitectura.udd.cl\/cic\/\"},{\"@type\":\"ListItem\",\"position\":2,\"name\":\"WildfireX: la plataforma creada por UDD y la Universidad de Melbourne que busca la reducci\u00f3n de incendios\"}]},{\"@type\":\"WebSite\",\"@id\":\"https:\/\/arquitectura.udd.cl\/cic\/#website\",\"url\":\"https:\/\/arquitectura.udd.cl\/cic\/\",\"name\":\"Centro de Innovaci\u00f3n en Ciudades UDD\",\"description\":\"\",\"inLanguage\":\"es\"},{\"@type\":\"Person\",\"@id\":\"https:\/\/arquitectura.udd.cl\/cic\/#\/schema\/person\/57f083da93216e68203d687897c20d72\",\"name\":\"cobregon\",\"image\":{\"@type\":\"ImageObject\",\"inLanguage\":\"es\",\"@id\":\"https:\/\/arquitectura.udd.cl\/cic\/#\/schema\/person\/image\/\",\"url\":\"https:\/\/secure.gravatar.com\/avatar\/f692f506aa28f46a9adc212c65edfecb7befb380f9419de99c43a8b98fd5177c?s=96&d=mm&r=g\",\"contentUrl\":\"https:\/\/secure.gravatar.com\/avatar\/f692f506aa28f46a9adc212c65edfecb7befb380f9419de99c43a8b98fd5177c?s=96&d=mm&r=g\",\"caption\":\"cobregon\"},\"url\":\"https:\/\/arquitectura.udd.cl\/cic\/author\/cobregon\/\"}]}<\/script>\n<!-- \/ Yoast SEO plugin. -->","yoast_head_json":{"title":"WildfireX: la plataforma creada por UDD y la Universidad de Melbourne que busca la reducci\u00f3n de incendios - Centro de Innovaci\u00f3n en Ciudades UDD","robots":{"index":"index","follow":"follow","max-snippet":"max-snippet:-1","max-image-preview":"max-image-preview:large","max-video-preview":"max-video-preview:-1"},"canonical":"https:\/\/arquitectura.udd.cl\/cic\/2022\/08\/22\/wildfirex-la-plataforma-creada-por-udd-y-la-universidad-de-melbourne-que-busca-la-reduccion-de-incendios\/","og_locale":"es_ES","og_type":"article","og_title":"WildfireX: la plataforma creada por UDD y la Universidad de Melbourne que busca la reducci\u00f3n de incendios - Centro de Innovaci\u00f3n en Ciudades UDD","og_description":"Las devastadoras consecuencias de los incendios forestales y sus impactos a nivel social, econ\u00f3mico y ambiental llevaron a una alianza entre la Universidad de Desarrollo y la Universidad de Melbourne para crear WildfireX, una plataforma online que busca intercambiar, desarrollar y consolidar conocimientos sobre la reducci\u00f3n de estos siniestros en el medio construido. Constanza Gonz\u00e1lez, [&hellip;]","og_url":"https:\/\/arquitectura.udd.cl\/cic\/2022\/08\/22\/wildfirex-la-plataforma-creada-por-udd-y-la-universidad-de-melbourne-que-busca-la-reduccion-de-incendios\/","og_site_name":"Centro de Innovaci\u00f3n en Ciudades UDD","article_published_time":"2022-08-22T06:30:16+00:00","article_modified_time":"2022-12-06T20:01:25+00:00","og_image":[{"width":1536,"height":1024,"url":"https:\/\/arquitectura.udd.cl\/cic\/files\/2022\/12\/pexels-big-dee-4837971-1536x1024-1.jpg","type":"image\/jpeg"}],"author":"cobregon","twitter_card":"summary_large_image","twitter_misc":{"Escrito por":"cobregon","Tiempo de lectura":"2 minutos"},"schema":{"@context":"https:\/\/schema.org","@graph":[{"@type":"Article","@id":"https:\/\/arquitectura.udd.cl\/cic\/2022\/08\/22\/wildfirex-la-plataforma-creada-por-udd-y-la-universidad-de-melbourne-que-busca-la-reduccion-de-incendios\/#article","isPartOf":{"@id":"https:\/\/arquitectura.udd.cl\/cic\/2022\/08\/22\/wildfirex-la-plataforma-creada-por-udd-y-la-universidad-de-melbourne-que-busca-la-reduccion-de-incendios\/"},"author":{"name":"cobregon","@id":"https:\/\/arquitectura.udd.cl\/cic\/#\/schema\/person\/57f083da93216e68203d687897c20d72"},"headline":"WildfireX: la plataforma creada por UDD y la Universidad de Melbourne que busca la reducci\u00f3n de incendios","datePublished":"2022-08-22T06:30:16+00:00","dateModified":"2022-12-06T20:01:25+00:00","mainEntityOfPage":{"@id":"https:\/\/arquitectura.udd.cl\/cic\/2022\/08\/22\/wildfirex-la-plataforma-creada-por-udd-y-la-universidad-de-melbourne-que-busca-la-reduccion-de-incendios\/"},"wordCount":349,"commentCount":0,"image":{"@id":"https:\/\/arquitectura.udd.cl\/cic\/2022\/08\/22\/wildfirex-la-plataforma-creada-por-udd-y-la-universidad-de-melbourne-que-busca-la-reduccion-de-incendios\/#primaryimage"},"thumbnailUrl":"https:\/\/arquitectura.udd.cl\/cic\/files\/2022\/12\/pexels-big-dee-4837971-1536x1024-1.jpg","articleSection":["Noticias"],"inLanguage":"es","potentialAction":[{"@type":"CommentAction","name":"Comment","target":["https:\/\/arquitectura.udd.cl\/cic\/2022\/08\/22\/wildfirex-la-plataforma-creada-por-udd-y-la-universidad-de-melbourne-que-busca-la-reduccion-de-incendios\/#respond"]}]},{"@type":"WebPage","@id":"https:\/\/arquitectura.udd.cl\/cic\/2022\/08\/22\/wildfirex-la-plataforma-creada-por-udd-y-la-universidad-de-melbourne-que-busca-la-reduccion-de-incendios\/","url":"https:\/\/arquitectura.udd.cl\/cic\/2022\/08\/22\/wildfirex-la-plataforma-creada-por-udd-y-la-universidad-de-melbourne-que-busca-la-reduccion-de-incendios\/","name":"WildfireX: la plataforma creada por UDD y la Universidad de Melbourne que busca la reducci\u00f3n de incendios - Centro de Innovaci\u00f3n en Ciudades UDD","isPartOf":{"@id":"https:\/\/arquitectura.udd.cl\/cic\/#website"},"primaryImageOfPage":{"@id":"https:\/\/arquitectura.udd.cl\/cic\/2022\/08\/22\/wildfirex-la-plataforma-creada-por-udd-y-la-universidad-de-melbourne-que-busca-la-reduccion-de-incendios\/#primaryimage"},"image":{"@id":"https:\/\/arquitectura.udd.cl\/cic\/2022\/08\/22\/wildfirex-la-plataforma-creada-por-udd-y-la-universidad-de-melbourne-que-busca-la-reduccion-de-incendios\/#primaryimage"},"thumbnailUrl":"https:\/\/arquitectura.udd.cl\/cic\/files\/2022\/12\/pexels-big-dee-4837971-1536x1024-1.jpg","datePublished":"2022-08-22T06:30:16+00:00","dateModified":"2022-12-06T20:01:25+00:00","author":{"@id":"https:\/\/arquitectura.udd.cl\/cic\/#\/schema\/person\/57f083da93216e68203d687897c20d72"},"breadcrumb":{"@id":"https:\/\/arquitectura.udd.cl\/cic\/2022\/08\/22\/wildfirex-la-plataforma-creada-por-udd-y-la-universidad-de-melbourne-que-busca-la-reduccion-de-incendios\/#breadcrumb"},"inLanguage":"es","potentialAction":[{"@type":"ReadAction","target":["https:\/\/arquitectura.udd.cl\/cic\/2022\/08\/22\/wildfirex-la-plataforma-creada-por-udd-y-la-universidad-de-melbourne-que-busca-la-reduccion-de-incendios\/"]}]},{"@type":"ImageObject","inLanguage":"es","@id":"https:\/\/arquitectura.udd.cl\/cic\/2022\/08\/22\/wildfirex-la-plataforma-creada-por-udd-y-la-universidad-de-melbourne-que-busca-la-reduccion-de-incendios\/#primaryimage","url":"https:\/\/arquitectura.udd.cl\/cic\/files\/2022\/12\/pexels-big-dee-4837971-1536x1024-1.jpg","contentUrl":"https:\/\/arquitectura.udd.cl\/cic\/files\/2022\/12\/pexels-big-dee-4837971-1536x1024-1.jpg","width":1536,"height":1024},{"@type":"BreadcrumbList","@id":"https:\/\/arquitectura.udd.cl\/cic\/2022\/08\/22\/wildfirex-la-plataforma-creada-por-udd-y-la-universidad-de-melbourne-que-busca-la-reduccion-de-incendios\/#breadcrumb","itemListElement":[{"@type":"ListItem","position":1,"name":"Portada","item":"https:\/\/arquitectura.udd.cl\/cic\/"},{"@type":"ListItem","position":2,"name":"WildfireX: la plataforma creada por UDD y la Universidad de Melbourne que busca la reducci\u00f3n de incendios"}]},{"@type":"WebSite","@id":"https:\/\/arquitectura.udd.cl\/cic\/#website","url":"https:\/\/arquitectura.udd.cl\/cic\/","name":"Centro de Innovaci\u00f3n en Ciudades UDD","description":"","inLanguage":"es"},{"@type":"Person","@id":"https:\/\/arquitectura.udd.cl\/cic\/#\/schema\/person\/57f083da93216e68203d687897c20d72","name":"cobregon","image":{"@type":"ImageObject","inLanguage":"es","@id":"https:\/\/arquitectura.udd.cl\/cic\/#\/schema\/person\/image\/","url":"https:\/\/secure.gravatar.com\/avatar\/f692f506aa28f46a9adc212c65edfecb7befb380f9419de99c43a8b98fd5177c?s=96&d=mm&r=g","contentUrl":"https:\/\/secure.gravatar.com\/avatar\/f692f506aa28f46a9adc212c65edfecb7befb380f9419de99c43a8b98fd5177c?s=96&d=mm&r=g","caption":"cobregon"},"url":"https:\/\/arquitectura.udd.cl\/cic\/author\/cobregon\/"}]}},"featured_image_url":"https:\/\/arquitectura.udd.cl\/cic\/files\/2022\/12\/pexels-big-dee-4837971-1536x1024-1.jpg","_links":{"self":[{"href":"https:\/\/arquitectura.udd.cl\/cic\/wp-json\/wp\/v2\/posts\/479","targetHints":{"allow":["GET"]}}],"collection":[{"href":"https:\/\/arquitectura.udd.cl\/cic\/wp-json\/wp\/v2\/posts"}],"about":[{"href":"https:\/\/arquitectura.udd.cl\/cic\/wp-json\/wp\/v2\/types\/post"}],"author":[{"embeddable":true,"href":"https:\/\/arquitectura.udd.cl\/cic\/wp-json\/wp\/v2\/users\/9192204"}],"replies":[{"embeddable":true,"href":"https:\/\/arquitectura.udd.cl\/cic\/wp-json\/wp\/v2\/comments?post=479"}],"version-history":[{"count":1,"href":"https:\/\/arquitectura.udd.cl\/cic\/wp-json\/wp\/v2\/posts\/479\/revisions"}],"predecessor-version":[{"id":481,"href":"https:\/\/arquitectura.udd.cl\/cic\/wp-json\/wp\/v2\/posts\/479\/revisions\/481"}],"wp:featuredmedia":[{"embeddable":true,"href":"https:\/\/arquitectura.udd.cl\/cic\/wp-json\/wp\/v2\/media\/480"}],"wp:attachment":[{"href":"https:\/\/arquitectura.udd.cl\/cic\/wp-json\/wp\/v2\/media?parent=479"}],"wp:term":[{"taxonomy":"category","embeddable":true,"href":"https:\/\/arquitectura.udd.cl\/cic\/wp-json\/wp\/v2\/categories?post=479"},{"taxonomy":"post_tag","embeddable":true,"href":"https:\/\/arquitectura.udd.cl\/cic\/wp-json\/wp\/v2\/tags?post=479"}],"curies":[{"name":"wp","href":"https:\/\/api.w.org\/{rel}","templated":true}]}}