{"id":263,"date":"2018-07-13T21:12:00","date_gmt":"2018-07-13T19:12:00","guid":{"rendered":"https:\/\/arquitectura.udd.cl\/cic\/?p=263"},"modified":"2021-11-24T21:13:40","modified_gmt":"2021-11-24T20:13:40","slug":"workshop-reenfoque-urbano","status":"publish","type":"post","link":"https:\/\/arquitectura.udd.cl\/cic\/2018\/07\/13\/workshop-reenfoque-urbano\/","title":{"rendered":"Workshop &#8211; Reenfoque Urbano"},"content":{"rendered":"\n<p> <em>Michael Rose y Richard Florida dictaron el taller, invitados por el Centro de Innovaci\u00f3n en Ciudades de la Facultad de Arquitectura y Arte, para profundizar en Regeneraci\u00f3n Inclusiva, y Gobernanza y Visi\u00f3n de Ciudad.<\/em> <\/p>\n\n\n\n<p>Para profundizar en los temas abordados en la Conferencia Internacional de Reenfoque Urbano \u201cDe la ciudad al ciudadano\u201d de la C\u00e1mara Chilena de la Construcci\u00f3n (CChC), el&nbsp;<strong>Centro de Innovaci\u00f3n en Ciudades<\/strong>&nbsp;de la Facultad de Arquitectura y Arte UDD organiz\u00f3 un workshop, el que estuvo dirigido por los expertos urbanos&nbsp;<strong>Michael Rose,&nbsp;<\/strong>de Australia, y&nbsp;<strong>Richard Florida,&nbsp;<\/strong>de Estados Unidos.<\/p>\n\n\n\n<p>El taller tuvo como objetivo&nbsp;<strong>generar un intercambio de conocimiento entre los invitados internacionales y un grupo de expertos nacionales<\/strong>&nbsp;en torno a los contenidos de la conferencia pero enfocado en las ciudades chilenas.<\/p>\n\n\n\n<p>De esta manera, el encuentro que se realiz\u00f3 en la UDD se dividi\u00f3 en dos sesiones. La primera abord\u00f3 temas de&nbsp;<strong>Gobernanza y Visi\u00f3n de Ciudad<\/strong>&nbsp;y estuvo dirigido por&nbsp;<strong>Michael Rose<\/strong>, quien comparti\u00f3 su experiencia como presidente ejecutivo del Comit\u00e9 para Sidney, ciudad donde se cre\u00f3 una institucionalidad que logr\u00f3 implementar una planificaci\u00f3n integrada en una ciudad que era igual de fragmentada que Santiago.<\/p>\n\n\n\n<p>La otra sesi\u00f3n estuvo a cargo de\u00a0<strong>Richard Florida<\/strong>, experto en geograf\u00eda urbana y crecimiento econ\u00f3mico, quien abord\u00f3 el tema de\u00a0<strong>Regeneraci\u00f3n Inclusiva\u00a0<\/strong>como una forma de abordar la crisis de inequidad espacial que subyace a los grandes desaf\u00edos urbanos actuales.<\/p>\n\n\n\n<figure class=\"wp-block-embed-wordpress wp-block-embed is-type-wp-embed is-provider-universidad-del-desarrollo\"><div class=\"wp-block-embed__wrapper\">\n<blockquote class=\"wp-embedded-content\" data-secret=\"guCQ3DtYG5\"><a href=\"https:\/\/www.udd.cl\/noticias\/2018\/07\/13\/expertos-internacionales-realizaron-workshop-reenfoque-urbano\/\">Expertos internacionales realizaron workshop de Reenfoque Urbano  \u00a0<\/a><\/blockquote><iframe loading=\"lazy\" class=\"wp-embedded-content\" sandbox=\"allow-scripts\" security=\"restricted\" style=\"position: absolute; visibility: hidden;\" title=\"\u00abExpertos internacionales realizaron workshop de Reenfoque Urbano  \u00a0\u00bb \u2014 UDD\" src=\"https:\/\/www.udd.cl\/noticias\/2018\/07\/13\/expertos-internacionales-realizaron-workshop-reenfoque-urbano\/embed\/#?secret=kyDT3aAn0C#?secret=guCQ3DtYG5\" data-secret=\"guCQ3DtYG5\" width=\"500\" height=\"282\" frameborder=\"0\" marginwidth=\"0\" marginheight=\"0\" scrolling=\"no\"><\/iframe>\n<\/div><\/figure>\n","protected":false},"excerpt":{"rendered":"<p>Michael Rose y Richard Florida dictaron el taller, invitados por el Centro de Innovaci\u00f3n en Ciudades de la Facultad de Arquitectura y Arte, para profundizar en Regeneraci\u00f3n Inclusiva, y Gobernanza y Visi\u00f3n de Ciudad. Para profundizar en los temas abordados en la Conferencia Internacional de Reenfoque Urbano \u201cDe la ciudad al ciudadano\u201d de la C\u00e1mara [&hellip;]<\/p>\n","protected":false},"author":9192204,"featured_media":267,"comment_status":"open","ping_status":"open","sticky":false,"template":"","format":"standard","meta":{"footnotes":""},"categories":[3],"tags":[],"class_list":["post-263","post","type-post","status-publish","format-standard","has-post-thumbnail","hentry","category-noticias"],"yoast_head":"<!-- This site is optimized with the Yoast SEO plugin v26.9 - https:\/\/yoast.com\/product\/yoast-seo-wordpress\/ -->\n<title>Workshop - Reenfoque Urbano - Centro de Innovaci\u00f3n en Ciudades UDD<\/title>\n<meta name=\"robots\" content=\"index, follow, max-snippet:-1, max-image-preview:large, max-video-preview:-1\" \/>\n<link rel=\"canonical\" href=\"https:\/\/arquitectura.udd.cl\/cic\/2018\/07\/13\/workshop-reenfoque-urbano\/\" \/>\n<meta property=\"og:locale\" content=\"es_ES\" \/>\n<meta property=\"og:type\" content=\"article\" \/>\n<meta property=\"og:title\" content=\"Workshop - Reenfoque Urbano - Centro de Innovaci\u00f3n en Ciudades UDD\" \/>\n<meta property=\"og:description\" content=\"Michael Rose y Richard Florida dictaron el taller, invitados por el Centro de Innovaci\u00f3n en Ciudades de la Facultad de Arquitectura y Arte, para profundizar en Regeneraci\u00f3n Inclusiva, y Gobernanza y Visi\u00f3n de Ciudad. Para profundizar en los temas abordados en la Conferencia Internacional de Reenfoque Urbano \u201cDe la ciudad al ciudadano\u201d de la C\u00e1mara [&hellip;]\" \/>\n<meta property=\"og:url\" content=\"https:\/\/arquitectura.udd.cl\/cic\/2018\/07\/13\/workshop-reenfoque-urbano\/\" \/>\n<meta property=\"og:site_name\" content=\"Centro de Innovaci\u00f3n en Ciudades UDD\" \/>\n<meta property=\"article:published_time\" content=\"2018-07-13T19:12:00+00:00\" \/>\n<meta property=\"article:modified_time\" content=\"2021-11-24T20:13:40+00:00\" \/>\n<meta property=\"og:image\" content=\"https:\/\/arquitectura.udd.cl\/cic\/files\/2021\/11\/Imagen9.png\" \/>\n\t<meta property=\"og:image:width\" content=\"1089\" \/>\n\t<meta property=\"og:image:height\" content=\"486\" \/>\n\t<meta property=\"og:image:type\" content=\"image\/png\" \/>\n<meta name=\"author\" content=\"cobregon\" \/>\n<meta name=\"twitter:card\" content=\"summary_large_image\" \/>\n<meta name=\"twitter:label1\" content=\"Escrito por\" \/>\n\t<meta name=\"twitter:data1\" content=\"cobregon\" \/>\n\t<meta name=\"twitter:label2\" content=\"Tiempo de lectura\" \/>\n\t<meta name=\"twitter:data2\" content=\"1 minuto\" \/>\n<script type=\"application\/ld+json\" class=\"yoast-schema-graph\">{\"@context\":\"https:\/\/schema.org\",\"@graph\":[{\"@type\":\"Article\",\"@id\":\"https:\/\/arquitectura.udd.cl\/cic\/2018\/07\/13\/workshop-reenfoque-urbano\/#article\",\"isPartOf\":{\"@id\":\"https:\/\/arquitectura.udd.cl\/cic\/2018\/07\/13\/workshop-reenfoque-urbano\/\"},\"author\":{\"name\":\"cobregon\",\"@id\":\"https:\/\/arquitectura.udd.cl\/cic\/#\/schema\/person\/57f083da93216e68203d687897c20d72\"},\"headline\":\"Workshop &#8211; Reenfoque Urbano\",\"datePublished\":\"2018-07-13T19:12:00+00:00\",\"dateModified\":\"2021-11-24T20:13:40+00:00\",\"mainEntityOfPage\":{\"@id\":\"https:\/\/arquitectura.udd.cl\/cic\/2018\/07\/13\/workshop-reenfoque-urbano\/\"},\"wordCount\":269,\"commentCount\":0,\"image\":{\"@id\":\"https:\/\/arquitectura.udd.cl\/cic\/2018\/07\/13\/workshop-reenfoque-urbano\/#primaryimage\"},\"thumbnailUrl\":\"https:\/\/arquitectura.udd.cl\/cic\/files\/2021\/11\/Imagen9.png\",\"articleSection\":[\"Noticias\"],\"inLanguage\":\"es\",\"potentialAction\":[{\"@type\":\"CommentAction\",\"name\":\"Comment\",\"target\":[\"https:\/\/arquitectura.udd.cl\/cic\/2018\/07\/13\/workshop-reenfoque-urbano\/#respond\"]}]},{\"@type\":\"WebPage\",\"@id\":\"https:\/\/arquitectura.udd.cl\/cic\/2018\/07\/13\/workshop-reenfoque-urbano\/\",\"url\":\"https:\/\/arquitectura.udd.cl\/cic\/2018\/07\/13\/workshop-reenfoque-urbano\/\",\"name\":\"Workshop - Reenfoque Urbano - Centro de Innovaci\u00f3n en Ciudades UDD\",\"isPartOf\":{\"@id\":\"https:\/\/arquitectura.udd.cl\/cic\/#website\"},\"primaryImageOfPage\":{\"@id\":\"https:\/\/arquitectura.udd.cl\/cic\/2018\/07\/13\/workshop-reenfoque-urbano\/#primaryimage\"},\"image\":{\"@id\":\"https:\/\/arquitectura.udd.cl\/cic\/2018\/07\/13\/workshop-reenfoque-urbano\/#primaryimage\"},\"thumbnailUrl\":\"https:\/\/arquitectura.udd.cl\/cic\/files\/2021\/11\/Imagen9.png\",\"datePublished\":\"2018-07-13T19:12:00+00:00\",\"dateModified\":\"2021-11-24T20:13:40+00:00\",\"author\":{\"@id\":\"https:\/\/arquitectura.udd.cl\/cic\/#\/schema\/person\/57f083da93216e68203d687897c20d72\"},\"breadcrumb\":{\"@id\":\"https:\/\/arquitectura.udd.cl\/cic\/2018\/07\/13\/workshop-reenfoque-urbano\/#breadcrumb\"},\"inLanguage\":\"es\",\"potentialAction\":[{\"@type\":\"ReadAction\",\"target\":[\"https:\/\/arquitectura.udd.cl\/cic\/2018\/07\/13\/workshop-reenfoque-urbano\/\"]}]},{\"@type\":\"ImageObject\",\"inLanguage\":\"es\",\"@id\":\"https:\/\/arquitectura.udd.cl\/cic\/2018\/07\/13\/workshop-reenfoque-urbano\/#primaryimage\",\"url\":\"https:\/\/arquitectura.udd.cl\/cic\/files\/2021\/11\/Imagen9.png\",\"contentUrl\":\"https:\/\/arquitectura.udd.cl\/cic\/files\/2021\/11\/Imagen9.png\",\"width\":1089,\"height\":486},{\"@type\":\"BreadcrumbList\",\"@id\":\"https:\/\/arquitectura.udd.cl\/cic\/2018\/07\/13\/workshop-reenfoque-urbano\/#breadcrumb\",\"itemListElement\":[{\"@type\":\"ListItem\",\"position\":1,\"name\":\"Portada\",\"item\":\"https:\/\/arquitectura.udd.cl\/cic\/\"},{\"@type\":\"ListItem\",\"position\":2,\"name\":\"Workshop &#8211; Reenfoque Urbano\"}]},{\"@type\":\"WebSite\",\"@id\":\"https:\/\/arquitectura.udd.cl\/cic\/#website\",\"url\":\"https:\/\/arquitectura.udd.cl\/cic\/\",\"name\":\"Centro de Innovaci\u00f3n en Ciudades UDD\",\"description\":\"\",\"inLanguage\":\"es\"},{\"@type\":\"Person\",\"@id\":\"https:\/\/arquitectura.udd.cl\/cic\/#\/schema\/person\/57f083da93216e68203d687897c20d72\",\"name\":\"cobregon\",\"image\":{\"@type\":\"ImageObject\",\"inLanguage\":\"es\",\"@id\":\"https:\/\/arquitectura.udd.cl\/cic\/#\/schema\/person\/image\/\",\"url\":\"https:\/\/secure.gravatar.com\/avatar\/f692f506aa28f46a9adc212c65edfecb7befb380f9419de99c43a8b98fd5177c?s=96&d=mm&r=g\",\"contentUrl\":\"https:\/\/secure.gravatar.com\/avatar\/f692f506aa28f46a9adc212c65edfecb7befb380f9419de99c43a8b98fd5177c?s=96&d=mm&r=g\",\"caption\":\"cobregon\"},\"url\":\"https:\/\/arquitectura.udd.cl\/cic\/author\/cobregon\/\"}]}<\/script>\n<!-- \/ Yoast SEO plugin. -->","yoast_head_json":{"title":"Workshop - Reenfoque Urbano - Centro de Innovaci\u00f3n en Ciudades UDD","robots":{"index":"index","follow":"follow","max-snippet":"max-snippet:-1","max-image-preview":"max-image-preview:large","max-video-preview":"max-video-preview:-1"},"canonical":"https:\/\/arquitectura.udd.cl\/cic\/2018\/07\/13\/workshop-reenfoque-urbano\/","og_locale":"es_ES","og_type":"article","og_title":"Workshop - Reenfoque Urbano - Centro de Innovaci\u00f3n en Ciudades UDD","og_description":"Michael Rose y Richard Florida dictaron el taller, invitados por el Centro de Innovaci\u00f3n en Ciudades de la Facultad de Arquitectura y Arte, para profundizar en Regeneraci\u00f3n Inclusiva, y Gobernanza y Visi\u00f3n de Ciudad. Para profundizar en los temas abordados en la Conferencia Internacional de Reenfoque Urbano \u201cDe la ciudad al ciudadano\u201d de la C\u00e1mara [&hellip;]","og_url":"https:\/\/arquitectura.udd.cl\/cic\/2018\/07\/13\/workshop-reenfoque-urbano\/","og_site_name":"Centro de Innovaci\u00f3n en Ciudades UDD","article_published_time":"2018-07-13T19:12:00+00:00","article_modified_time":"2021-11-24T20:13:40+00:00","og_image":[{"width":1089,"height":486,"url":"https:\/\/arquitectura.udd.cl\/cic\/files\/2021\/11\/Imagen9.png","type":"image\/png"}],"author":"cobregon","twitter_card":"summary_large_image","twitter_misc":{"Escrito por":"cobregon","Tiempo de lectura":"1 minuto"},"schema":{"@context":"https:\/\/schema.org","@graph":[{"@type":"Article","@id":"https:\/\/arquitectura.udd.cl\/cic\/2018\/07\/13\/workshop-reenfoque-urbano\/#article","isPartOf":{"@id":"https:\/\/arquitectura.udd.cl\/cic\/2018\/07\/13\/workshop-reenfoque-urbano\/"},"author":{"name":"cobregon","@id":"https:\/\/arquitectura.udd.cl\/cic\/#\/schema\/person\/57f083da93216e68203d687897c20d72"},"headline":"Workshop &#8211; Reenfoque Urbano","datePublished":"2018-07-13T19:12:00+00:00","dateModified":"2021-11-24T20:13:40+00:00","mainEntityOfPage":{"@id":"https:\/\/arquitectura.udd.cl\/cic\/2018\/07\/13\/workshop-reenfoque-urbano\/"},"wordCount":269,"commentCount":0,"image":{"@id":"https:\/\/arquitectura.udd.cl\/cic\/2018\/07\/13\/workshop-reenfoque-urbano\/#primaryimage"},"thumbnailUrl":"https:\/\/arquitectura.udd.cl\/cic\/files\/2021\/11\/Imagen9.png","articleSection":["Noticias"],"inLanguage":"es","potentialAction":[{"@type":"CommentAction","name":"Comment","target":["https:\/\/arquitectura.udd.cl\/cic\/2018\/07\/13\/workshop-reenfoque-urbano\/#respond"]}]},{"@type":"WebPage","@id":"https:\/\/arquitectura.udd.cl\/cic\/2018\/07\/13\/workshop-reenfoque-urbano\/","url":"https:\/\/arquitectura.udd.cl\/cic\/2018\/07\/13\/workshop-reenfoque-urbano\/","name":"Workshop - Reenfoque Urbano - Centro de Innovaci\u00f3n en Ciudades UDD","isPartOf":{"@id":"https:\/\/arquitectura.udd.cl\/cic\/#website"},"primaryImageOfPage":{"@id":"https:\/\/arquitectura.udd.cl\/cic\/2018\/07\/13\/workshop-reenfoque-urbano\/#primaryimage"},"image":{"@id":"https:\/\/arquitectura.udd.cl\/cic\/2018\/07\/13\/workshop-reenfoque-urbano\/#primaryimage"},"thumbnailUrl":"https:\/\/arquitectura.udd.cl\/cic\/files\/2021\/11\/Imagen9.png","datePublished":"2018-07-13T19:12:00+00:00","dateModified":"2021-11-24T20:13:40+00:00","author":{"@id":"https:\/\/arquitectura.udd.cl\/cic\/#\/schema\/person\/57f083da93216e68203d687897c20d72"},"breadcrumb":{"@id":"https:\/\/arquitectura.udd.cl\/cic\/2018\/07\/13\/workshop-reenfoque-urbano\/#breadcrumb"},"inLanguage":"es","potentialAction":[{"@type":"ReadAction","target":["https:\/\/arquitectura.udd.cl\/cic\/2018\/07\/13\/workshop-reenfoque-urbano\/"]}]},{"@type":"ImageObject","inLanguage":"es","@id":"https:\/\/arquitectura.udd.cl\/cic\/2018\/07\/13\/workshop-reenfoque-urbano\/#primaryimage","url":"https:\/\/arquitectura.udd.cl\/cic\/files\/2021\/11\/Imagen9.png","contentUrl":"https:\/\/arquitectura.udd.cl\/cic\/files\/2021\/11\/Imagen9.png","width":1089,"height":486},{"@type":"BreadcrumbList","@id":"https:\/\/arquitectura.udd.cl\/cic\/2018\/07\/13\/workshop-reenfoque-urbano\/#breadcrumb","itemListElement":[{"@type":"ListItem","position":1,"name":"Portada","item":"https:\/\/arquitectura.udd.cl\/cic\/"},{"@type":"ListItem","position":2,"name":"Workshop &#8211; Reenfoque Urbano"}]},{"@type":"WebSite","@id":"https:\/\/arquitectura.udd.cl\/cic\/#website","url":"https:\/\/arquitectura.udd.cl\/cic\/","name":"Centro de Innovaci\u00f3n en Ciudades UDD","description":"","inLanguage":"es"},{"@type":"Person","@id":"https:\/\/arquitectura.udd.cl\/cic\/#\/schema\/person\/57f083da93216e68203d687897c20d72","name":"cobregon","image":{"@type":"ImageObject","inLanguage":"es","@id":"https:\/\/arquitectura.udd.cl\/cic\/#\/schema\/person\/image\/","url":"https:\/\/secure.gravatar.com\/avatar\/f692f506aa28f46a9adc212c65edfecb7befb380f9419de99c43a8b98fd5177c?s=96&d=mm&r=g","contentUrl":"https:\/\/secure.gravatar.com\/avatar\/f692f506aa28f46a9adc212c65edfecb7befb380f9419de99c43a8b98fd5177c?s=96&d=mm&r=g","caption":"cobregon"},"url":"https:\/\/arquitectura.udd.cl\/cic\/author\/cobregon\/"}]}},"featured_image_url":"https:\/\/arquitectura.udd.cl\/cic\/files\/2021\/11\/Imagen9.png","_links":{"self":[{"href":"https:\/\/arquitectura.udd.cl\/cic\/wp-json\/wp\/v2\/posts\/263","targetHints":{"allow":["GET"]}}],"collection":[{"href":"https:\/\/arquitectura.udd.cl\/cic\/wp-json\/wp\/v2\/posts"}],"about":[{"href":"https:\/\/arquitectura.udd.cl\/cic\/wp-json\/wp\/v2\/types\/post"}],"author":[{"embeddable":true,"href":"https:\/\/arquitectura.udd.cl\/cic\/wp-json\/wp\/v2\/users\/9192204"}],"replies":[{"embeddable":true,"href":"https:\/\/arquitectura.udd.cl\/cic\/wp-json\/wp\/v2\/comments?post=263"}],"version-history":[{"count":2,"href":"https:\/\/arquitectura.udd.cl\/cic\/wp-json\/wp\/v2\/posts\/263\/revisions"}],"predecessor-version":[{"id":265,"href":"https:\/\/arquitectura.udd.cl\/cic\/wp-json\/wp\/v2\/posts\/263\/revisions\/265"}],"wp:featuredmedia":[{"embeddable":true,"href":"https:\/\/arquitectura.udd.cl\/cic\/wp-json\/wp\/v2\/media\/267"}],"wp:attachment":[{"href":"https:\/\/arquitectura.udd.cl\/cic\/wp-json\/wp\/v2\/media?parent=263"}],"wp:term":[{"taxonomy":"category","embeddable":true,"href":"https:\/\/arquitectura.udd.cl\/cic\/wp-json\/wp\/v2\/categories?post=263"},{"taxonomy":"post_tag","embeddable":true,"href":"https:\/\/arquitectura.udd.cl\/cic\/wp-json\/wp\/v2\/tags?post=263"}],"curies":[{"name":"wp","href":"https:\/\/api.w.org\/{rel}","templated":true}]}}