{"id":181,"date":"2019-08-23T11:00:00","date_gmt":"2019-08-23T09:00:00","guid":{"rendered":"https:\/\/arquitectura.udd.cl\/cic\/?p=181"},"modified":"2021-11-24T20:57:28","modified_gmt":"2021-11-24T19:57:28","slug":"seminario-diseno-de-territorios-hidricos-resilientes","status":"publish","type":"post","link":"https:\/\/arquitectura.udd.cl\/cic\/2019\/08\/23\/seminario-diseno-de-territorios-hidricos-resilientes\/","title":{"rendered":"Seminario Dise\u00f1o de territorios h\u00eddricos resilientes"},"content":{"rendered":"\n<p>Seminario Dise\u00f1o de territorios h\u00eddricos resilientes &#8211; Atacama entre la escasez y la abundancia <\/p>\n\n\n\n<p>Invitados internacionales: Anuradha Mathur y Dilip Da Cunha<\/p>\n\n\n\n<p><\/p>\n","protected":false},"excerpt":{"rendered":"<p>Seminario Dise\u00f1o de territorios h\u00eddricos resilientes &#8211; Atacama entre la escasez y la abundancia Invitados internacionales: Anuradha Mathur y Dilip Da Cunha<\/p>\n","protected":false},"author":9192204,"featured_media":190,"comment_status":"open","ping_status":"open","sticky":false,"template":"","format":"standard","meta":{"footnotes":""},"categories":[3],"tags":[],"class_list":["post-181","post","type-post","status-publish","format-standard","has-post-thumbnail","hentry","category-noticias"],"yoast_head":"<!-- This site is optimized with the Yoast SEO plugin v26.9 - https:\/\/yoast.com\/product\/yoast-seo-wordpress\/ -->\n<title>Seminario Dise\u00f1o de territorios h\u00eddricos resilientes - Centro de Innovaci\u00f3n en Ciudades UDD<\/title>\n<meta name=\"robots\" content=\"index, follow, max-snippet:-1, max-image-preview:large, max-video-preview:-1\" \/>\n<link rel=\"canonical\" href=\"https:\/\/arquitectura.udd.cl\/cic\/2019\/08\/23\/seminario-diseno-de-territorios-hidricos-resilientes\/\" \/>\n<meta property=\"og:locale\" content=\"es_ES\" \/>\n<meta property=\"og:type\" content=\"article\" \/>\n<meta property=\"og:title\" content=\"Seminario Dise\u00f1o de territorios h\u00eddricos resilientes - Centro de Innovaci\u00f3n en Ciudades UDD\" \/>\n<meta property=\"og:description\" content=\"Seminario Dise\u00f1o de territorios h\u00eddricos resilientes &#8211; Atacama entre la escasez y la abundancia Invitados internacionales: Anuradha Mathur y Dilip Da Cunha\" \/>\n<meta property=\"og:url\" content=\"https:\/\/arquitectura.udd.cl\/cic\/2019\/08\/23\/seminario-diseno-de-territorios-hidricos-resilientes\/\" \/>\n<meta property=\"og:site_name\" content=\"Centro de Innovaci\u00f3n en Ciudades UDD\" \/>\n<meta property=\"article:published_time\" content=\"2019-08-23T09:00:00+00:00\" \/>\n<meta property=\"article:modified_time\" content=\"2021-11-24T19:57:28+00:00\" \/>\n<meta property=\"og:image\" content=\"https:\/\/arquitectura.udd.cl\/cic\/files\/2019\/11\/6.jpg\" \/>\n\t<meta property=\"og:image:width\" content=\"1447\" \/>\n\t<meta property=\"og:image:height\" content=\"1653\" \/>\n\t<meta property=\"og:image:type\" content=\"image\/jpeg\" \/>\n<meta name=\"author\" content=\"cobregon\" \/>\n<meta name=\"twitter:card\" content=\"summary_large_image\" \/>\n<meta name=\"twitter:label1\" content=\"Escrito por\" \/>\n\t<meta name=\"twitter:data1\" content=\"cobregon\" \/>\n<script type=\"application\/ld+json\" class=\"yoast-schema-graph\">{\"@context\":\"https:\/\/schema.org\",\"@graph\":[{\"@type\":\"Article\",\"@id\":\"https:\/\/arquitectura.udd.cl\/cic\/2019\/08\/23\/seminario-diseno-de-territorios-hidricos-resilientes\/#article\",\"isPartOf\":{\"@id\":\"https:\/\/arquitectura.udd.cl\/cic\/2019\/08\/23\/seminario-diseno-de-territorios-hidricos-resilientes\/\"},\"author\":{\"name\":\"cobregon\",\"@id\":\"https:\/\/arquitectura.udd.cl\/cic\/#\/schema\/person\/57f083da93216e68203d687897c20d72\"},\"headline\":\"Seminario Dise\u00f1o de territorios h\u00eddricos resilientes\",\"datePublished\":\"2019-08-23T09:00:00+00:00\",\"dateModified\":\"2021-11-24T19:57:28+00:00\",\"mainEntityOfPage\":{\"@id\":\"https:\/\/arquitectura.udd.cl\/cic\/2019\/08\/23\/seminario-diseno-de-territorios-hidricos-resilientes\/\"},\"wordCount\":32,\"commentCount\":0,\"image\":{\"@id\":\"https:\/\/arquitectura.udd.cl\/cic\/2019\/08\/23\/seminario-diseno-de-territorios-hidricos-resilientes\/#primaryimage\"},\"thumbnailUrl\":\"https:\/\/arquitectura.udd.cl\/cic\/files\/2019\/11\/6.jpg\",\"articleSection\":[\"Noticias\"],\"inLanguage\":\"es\",\"potentialAction\":[{\"@type\":\"CommentAction\",\"name\":\"Comment\",\"target\":[\"https:\/\/arquitectura.udd.cl\/cic\/2019\/08\/23\/seminario-diseno-de-territorios-hidricos-resilientes\/#respond\"]}]},{\"@type\":\"WebPage\",\"@id\":\"https:\/\/arquitectura.udd.cl\/cic\/2019\/08\/23\/seminario-diseno-de-territorios-hidricos-resilientes\/\",\"url\":\"https:\/\/arquitectura.udd.cl\/cic\/2019\/08\/23\/seminario-diseno-de-territorios-hidricos-resilientes\/\",\"name\":\"Seminario Dise\u00f1o de territorios h\u00eddricos resilientes - Centro de Innovaci\u00f3n en Ciudades UDD\",\"isPartOf\":{\"@id\":\"https:\/\/arquitectura.udd.cl\/cic\/#website\"},\"primaryImageOfPage\":{\"@id\":\"https:\/\/arquitectura.udd.cl\/cic\/2019\/08\/23\/seminario-diseno-de-territorios-hidricos-resilientes\/#primaryimage\"},\"image\":{\"@id\":\"https:\/\/arquitectura.udd.cl\/cic\/2019\/08\/23\/seminario-diseno-de-territorios-hidricos-resilientes\/#primaryimage\"},\"thumbnailUrl\":\"https:\/\/arquitectura.udd.cl\/cic\/files\/2019\/11\/6.jpg\",\"datePublished\":\"2019-08-23T09:00:00+00:00\",\"dateModified\":\"2021-11-24T19:57:28+00:00\",\"author\":{\"@id\":\"https:\/\/arquitectura.udd.cl\/cic\/#\/schema\/person\/57f083da93216e68203d687897c20d72\"},\"breadcrumb\":{\"@id\":\"https:\/\/arquitectura.udd.cl\/cic\/2019\/08\/23\/seminario-diseno-de-territorios-hidricos-resilientes\/#breadcrumb\"},\"inLanguage\":\"es\",\"potentialAction\":[{\"@type\":\"ReadAction\",\"target\":[\"https:\/\/arquitectura.udd.cl\/cic\/2019\/08\/23\/seminario-diseno-de-territorios-hidricos-resilientes\/\"]}]},{\"@type\":\"ImageObject\",\"inLanguage\":\"es\",\"@id\":\"https:\/\/arquitectura.udd.cl\/cic\/2019\/08\/23\/seminario-diseno-de-territorios-hidricos-resilientes\/#primaryimage\",\"url\":\"https:\/\/arquitectura.udd.cl\/cic\/files\/2019\/11\/6.jpg\",\"contentUrl\":\"https:\/\/arquitectura.udd.cl\/cic\/files\/2019\/11\/6.jpg\",\"width\":1447,\"height\":1653},{\"@type\":\"BreadcrumbList\",\"@id\":\"https:\/\/arquitectura.udd.cl\/cic\/2019\/08\/23\/seminario-diseno-de-territorios-hidricos-resilientes\/#breadcrumb\",\"itemListElement\":[{\"@type\":\"ListItem\",\"position\":1,\"name\":\"Portada\",\"item\":\"https:\/\/arquitectura.udd.cl\/cic\/\"},{\"@type\":\"ListItem\",\"position\":2,\"name\":\"Seminario Dise\u00f1o de territorios h\u00eddricos resilientes\"}]},{\"@type\":\"WebSite\",\"@id\":\"https:\/\/arquitectura.udd.cl\/cic\/#website\",\"url\":\"https:\/\/arquitectura.udd.cl\/cic\/\",\"name\":\"Centro de Innovaci\u00f3n en Ciudades UDD\",\"description\":\"\",\"inLanguage\":\"es\"},{\"@type\":\"Person\",\"@id\":\"https:\/\/arquitectura.udd.cl\/cic\/#\/schema\/person\/57f083da93216e68203d687897c20d72\",\"name\":\"cobregon\",\"image\":{\"@type\":\"ImageObject\",\"inLanguage\":\"es\",\"@id\":\"https:\/\/arquitectura.udd.cl\/cic\/#\/schema\/person\/image\/\",\"url\":\"https:\/\/secure.gravatar.com\/avatar\/f692f506aa28f46a9adc212c65edfecb7befb380f9419de99c43a8b98fd5177c?s=96&d=mm&r=g\",\"contentUrl\":\"https:\/\/secure.gravatar.com\/avatar\/f692f506aa28f46a9adc212c65edfecb7befb380f9419de99c43a8b98fd5177c?s=96&d=mm&r=g\",\"caption\":\"cobregon\"},\"url\":\"https:\/\/arquitectura.udd.cl\/cic\/author\/cobregon\/\"}]}<\/script>\n<!-- \/ Yoast SEO plugin. -->","yoast_head_json":{"title":"Seminario Dise\u00f1o de territorios h\u00eddricos resilientes - Centro de Innovaci\u00f3n en Ciudades UDD","robots":{"index":"index","follow":"follow","max-snippet":"max-snippet:-1","max-image-preview":"max-image-preview:large","max-video-preview":"max-video-preview:-1"},"canonical":"https:\/\/arquitectura.udd.cl\/cic\/2019\/08\/23\/seminario-diseno-de-territorios-hidricos-resilientes\/","og_locale":"es_ES","og_type":"article","og_title":"Seminario Dise\u00f1o de territorios h\u00eddricos resilientes - Centro de Innovaci\u00f3n en Ciudades UDD","og_description":"Seminario Dise\u00f1o de territorios h\u00eddricos resilientes &#8211; Atacama entre la escasez y la abundancia Invitados internacionales: Anuradha Mathur y Dilip Da Cunha","og_url":"https:\/\/arquitectura.udd.cl\/cic\/2019\/08\/23\/seminario-diseno-de-territorios-hidricos-resilientes\/","og_site_name":"Centro de Innovaci\u00f3n en Ciudades UDD","article_published_time":"2019-08-23T09:00:00+00:00","article_modified_time":"2021-11-24T19:57:28+00:00","og_image":[{"width":1447,"height":1653,"url":"https:\/\/arquitectura.udd.cl\/cic\/files\/2019\/11\/6.jpg","type":"image\/jpeg"}],"author":"cobregon","twitter_card":"summary_large_image","twitter_misc":{"Escrito por":"cobregon"},"schema":{"@context":"https:\/\/schema.org","@graph":[{"@type":"Article","@id":"https:\/\/arquitectura.udd.cl\/cic\/2019\/08\/23\/seminario-diseno-de-territorios-hidricos-resilientes\/#article","isPartOf":{"@id":"https:\/\/arquitectura.udd.cl\/cic\/2019\/08\/23\/seminario-diseno-de-territorios-hidricos-resilientes\/"},"author":{"name":"cobregon","@id":"https:\/\/arquitectura.udd.cl\/cic\/#\/schema\/person\/57f083da93216e68203d687897c20d72"},"headline":"Seminario Dise\u00f1o de territorios h\u00eddricos resilientes","datePublished":"2019-08-23T09:00:00+00:00","dateModified":"2021-11-24T19:57:28+00:00","mainEntityOfPage":{"@id":"https:\/\/arquitectura.udd.cl\/cic\/2019\/08\/23\/seminario-diseno-de-territorios-hidricos-resilientes\/"},"wordCount":32,"commentCount":0,"image":{"@id":"https:\/\/arquitectura.udd.cl\/cic\/2019\/08\/23\/seminario-diseno-de-territorios-hidricos-resilientes\/#primaryimage"},"thumbnailUrl":"https:\/\/arquitectura.udd.cl\/cic\/files\/2019\/11\/6.jpg","articleSection":["Noticias"],"inLanguage":"es","potentialAction":[{"@type":"CommentAction","name":"Comment","target":["https:\/\/arquitectura.udd.cl\/cic\/2019\/08\/23\/seminario-diseno-de-territorios-hidricos-resilientes\/#respond"]}]},{"@type":"WebPage","@id":"https:\/\/arquitectura.udd.cl\/cic\/2019\/08\/23\/seminario-diseno-de-territorios-hidricos-resilientes\/","url":"https:\/\/arquitectura.udd.cl\/cic\/2019\/08\/23\/seminario-diseno-de-territorios-hidricos-resilientes\/","name":"Seminario Dise\u00f1o de territorios h\u00eddricos resilientes - Centro de Innovaci\u00f3n en Ciudades UDD","isPartOf":{"@id":"https:\/\/arquitectura.udd.cl\/cic\/#website"},"primaryImageOfPage":{"@id":"https:\/\/arquitectura.udd.cl\/cic\/2019\/08\/23\/seminario-diseno-de-territorios-hidricos-resilientes\/#primaryimage"},"image":{"@id":"https:\/\/arquitectura.udd.cl\/cic\/2019\/08\/23\/seminario-diseno-de-territorios-hidricos-resilientes\/#primaryimage"},"thumbnailUrl":"https:\/\/arquitectura.udd.cl\/cic\/files\/2019\/11\/6.jpg","datePublished":"2019-08-23T09:00:00+00:00","dateModified":"2021-11-24T19:57:28+00:00","author":{"@id":"https:\/\/arquitectura.udd.cl\/cic\/#\/schema\/person\/57f083da93216e68203d687897c20d72"},"breadcrumb":{"@id":"https:\/\/arquitectura.udd.cl\/cic\/2019\/08\/23\/seminario-diseno-de-territorios-hidricos-resilientes\/#breadcrumb"},"inLanguage":"es","potentialAction":[{"@type":"ReadAction","target":["https:\/\/arquitectura.udd.cl\/cic\/2019\/08\/23\/seminario-diseno-de-territorios-hidricos-resilientes\/"]}]},{"@type":"ImageObject","inLanguage":"es","@id":"https:\/\/arquitectura.udd.cl\/cic\/2019\/08\/23\/seminario-diseno-de-territorios-hidricos-resilientes\/#primaryimage","url":"https:\/\/arquitectura.udd.cl\/cic\/files\/2019\/11\/6.jpg","contentUrl":"https:\/\/arquitectura.udd.cl\/cic\/files\/2019\/11\/6.jpg","width":1447,"height":1653},{"@type":"BreadcrumbList","@id":"https:\/\/arquitectura.udd.cl\/cic\/2019\/08\/23\/seminario-diseno-de-territorios-hidricos-resilientes\/#breadcrumb","itemListElement":[{"@type":"ListItem","position":1,"name":"Portada","item":"https:\/\/arquitectura.udd.cl\/cic\/"},{"@type":"ListItem","position":2,"name":"Seminario Dise\u00f1o de territorios h\u00eddricos resilientes"}]},{"@type":"WebSite","@id":"https:\/\/arquitectura.udd.cl\/cic\/#website","url":"https:\/\/arquitectura.udd.cl\/cic\/","name":"Centro de Innovaci\u00f3n en Ciudades UDD","description":"","inLanguage":"es"},{"@type":"Person","@id":"https:\/\/arquitectura.udd.cl\/cic\/#\/schema\/person\/57f083da93216e68203d687897c20d72","name":"cobregon","image":{"@type":"ImageObject","inLanguage":"es","@id":"https:\/\/arquitectura.udd.cl\/cic\/#\/schema\/person\/image\/","url":"https:\/\/secure.gravatar.com\/avatar\/f692f506aa28f46a9adc212c65edfecb7befb380f9419de99c43a8b98fd5177c?s=96&d=mm&r=g","contentUrl":"https:\/\/secure.gravatar.com\/avatar\/f692f506aa28f46a9adc212c65edfecb7befb380f9419de99c43a8b98fd5177c?s=96&d=mm&r=g","caption":"cobregon"},"url":"https:\/\/arquitectura.udd.cl\/cic\/author\/cobregon\/"}]}},"featured_image_url":"https:\/\/arquitectura.udd.cl\/cic\/files\/2019\/11\/6.jpg","_links":{"self":[{"href":"https:\/\/arquitectura.udd.cl\/cic\/wp-json\/wp\/v2\/posts\/181","targetHints":{"allow":["GET"]}}],"collection":[{"href":"https:\/\/arquitectura.udd.cl\/cic\/wp-json\/wp\/v2\/posts"}],"about":[{"href":"https:\/\/arquitectura.udd.cl\/cic\/wp-json\/wp\/v2\/types\/post"}],"author":[{"embeddable":true,"href":"https:\/\/arquitectura.udd.cl\/cic\/wp-json\/wp\/v2\/users\/9192204"}],"replies":[{"embeddable":true,"href":"https:\/\/arquitectura.udd.cl\/cic\/wp-json\/wp\/v2\/comments?post=181"}],"version-history":[{"count":2,"href":"https:\/\/arquitectura.udd.cl\/cic\/wp-json\/wp\/v2\/posts\/181\/revisions"}],"predecessor-version":[{"id":191,"href":"https:\/\/arquitectura.udd.cl\/cic\/wp-json\/wp\/v2\/posts\/181\/revisions\/191"}],"wp:featuredmedia":[{"embeddable":true,"href":"https:\/\/arquitectura.udd.cl\/cic\/wp-json\/wp\/v2\/media\/190"}],"wp:attachment":[{"href":"https:\/\/arquitectura.udd.cl\/cic\/wp-json\/wp\/v2\/media?parent=181"}],"wp:term":[{"taxonomy":"category","embeddable":true,"href":"https:\/\/arquitectura.udd.cl\/cic\/wp-json\/wp\/v2\/categories?post=181"},{"taxonomy":"post_tag","embeddable":true,"href":"https:\/\/arquitectura.udd.cl\/cic\/wp-json\/wp\/v2\/tags?post=181"}],"curies":[{"name":"wp","href":"https:\/\/api.w.org\/{rel}","templated":true}]}}