{"id":1602,"date":"2023-06-23T22:37:00","date_gmt":"2023-06-23T20:37:00","guid":{"rendered":"https:\/\/arquitectura.udd.cl\/cic\/?p=1602"},"modified":"2024-09-02T22:38:50","modified_gmt":"2024-09-02T20:38:50","slug":"directora-del-cic-udd-se-integra-al-directorio-del-consejo-de-politicas-de-infraestructura","status":"publish","type":"post","link":"https:\/\/arquitectura.udd.cl\/cic\/2023\/06\/23\/directora-del-cic-udd-se-integra-al-directorio-del-consejo-de-politicas-de-infraestructura\/","title":{"rendered":"Directora del CIC UDD se integra al directorio del Consejo de Pol\u00edticas de Infraestructura"},"content":{"rendered":"\n<p><\/p>\n\n\n\n<figure class=\"wp-block-image aligncenter size-large\"><img loading=\"lazy\" decoding=\"async\" width=\"1024\" height=\"768\" src=\"https:\/\/arquitectura.udd.cl\/cic\/files\/2024\/09\/cpi-imag-1-1024x768.jpeg\" alt=\"\" class=\"wp-image-1603\" srcset=\"https:\/\/arquitectura.udd.cl\/cic\/files\/2024\/09\/cpi-imag-1-1024x768.jpeg 1024w, https:\/\/arquitectura.udd.cl\/cic\/files\/2024\/09\/cpi-imag-1-300x225.jpeg 300w, https:\/\/arquitectura.udd.cl\/cic\/files\/2024\/09\/cpi-imag-1-768x576.jpeg 768w, https:\/\/arquitectura.udd.cl\/cic\/files\/2024\/09\/cpi-imag-1.jpeg 1280w\" sizes=\"auto, (max-width: 1024px) 100vw, 1024px\" \/><\/figure>\n\n\n\n<p>Francisca Astaburuaga, directora del Centro de Innovaci\u00f3n en Ciudades (CIC) de la Facultad de Arquitectura y Arte de la Universidad del Desarrollo, fue elegida para formar parte del directorio del Consejo de Pol\u00edticas de Infraestructura (CPI), entidad que busca proponer a los gobiernos distintos tipos de pol\u00edticas p\u00fablicas de largo plazo que fomenten mejores pr\u00e1cticas para el desarrollo de la infraestructura.&nbsp;<\/p>\n\n\n\n<p>Astaburuaga se mostr\u00f3 contenta por formar parte de esta instancia, destacando que espera ser un aporte desde el punto de vista de la arquitectura y el urbanismo. \u201cLa infraestructura es la red que sostiene la funcionalidad de territorios y ciudades. Por esa raz\u00f3n es relevante estar presente en el directorio para poder contribuir en esta tarea\u201d, coment\u00f3&nbsp;<\/p>\n\n\n\n<p>Cabe destacar que, durante la reuni\u00f3n donde se nombr\u00f3 al nuevo directorio de la instituci\u00f3n para los pr\u00f3ximos tres a\u00f1os, estuvieron presentes los ex presidentes de la Rep\u00fablica, Eduardo Frei y Ricardo Lagos.&nbsp;<\/p>\n","protected":false},"excerpt":{"rendered":"<p>Francisca Astaburuaga, directora del Centro de Innovaci\u00f3n en Ciudades (CIC) de la Facultad de Arquitectura y Arte de la Universidad del Desarrollo, fue elegida para formar parte del directorio del Consejo de Pol\u00edticas de Infraestructura (CPI), entidad que busca proponer a los gobiernos distintos tipos de pol\u00edticas p\u00fablicas de largo plazo que fomenten mejores pr\u00e1cticas [&hellip;]<\/p>\n","protected":false},"author":9192204,"featured_media":1603,"comment_status":"closed","ping_status":"open","sticky":false,"template":"","format":"standard","meta":{"footnotes":""},"categories":[3],"tags":[],"class_list":["post-1602","post","type-post","status-publish","format-standard","has-post-thumbnail","hentry","category-noticias"],"yoast_head":"<!-- This site is optimized with the Yoast SEO plugin v26.9 - https:\/\/yoast.com\/product\/yoast-seo-wordpress\/ -->\n<title>Directora del CIC UDD se integra al directorio del Consejo de Pol\u00edticas de Infraestructura - Centro de Innovaci\u00f3n en Ciudades UDD<\/title>\n<meta name=\"robots\" content=\"index, follow, max-snippet:-1, max-image-preview:large, max-video-preview:-1\" \/>\n<link rel=\"canonical\" href=\"https:\/\/arquitectura.udd.cl\/cic\/2023\/06\/23\/directora-del-cic-udd-se-integra-al-directorio-del-consejo-de-politicas-de-infraestructura\/\" \/>\n<meta property=\"og:locale\" content=\"es_ES\" \/>\n<meta property=\"og:type\" content=\"article\" \/>\n<meta property=\"og:title\" content=\"Directora del CIC UDD se integra al directorio del Consejo de Pol\u00edticas de Infraestructura - Centro de Innovaci\u00f3n en Ciudades UDD\" \/>\n<meta property=\"og:description\" content=\"Francisca Astaburuaga, directora del Centro de Innovaci\u00f3n en Ciudades (CIC) de la Facultad de Arquitectura y Arte de la Universidad del Desarrollo, fue elegida para formar parte del directorio del Consejo de Pol\u00edticas de Infraestructura (CPI), entidad que busca proponer a los gobiernos distintos tipos de pol\u00edticas p\u00fablicas de largo plazo que fomenten mejores pr\u00e1cticas [&hellip;]\" \/>\n<meta property=\"og:url\" content=\"https:\/\/arquitectura.udd.cl\/cic\/2023\/06\/23\/directora-del-cic-udd-se-integra-al-directorio-del-consejo-de-politicas-de-infraestructura\/\" \/>\n<meta property=\"og:site_name\" content=\"Centro de Innovaci\u00f3n en Ciudades UDD\" \/>\n<meta property=\"article:published_time\" content=\"2023-06-23T20:37:00+00:00\" \/>\n<meta property=\"article:modified_time\" content=\"2024-09-02T20:38:50+00:00\" \/>\n<meta property=\"og:image\" content=\"https:\/\/arquitectura.udd.cl\/cic\/files\/2024\/09\/cpi-imag-1.jpeg\" \/>\n\t<meta property=\"og:image:width\" content=\"1280\" \/>\n\t<meta property=\"og:image:height\" content=\"960\" \/>\n\t<meta property=\"og:image:type\" content=\"image\/jpeg\" \/>\n<meta name=\"author\" content=\"cobregon\" \/>\n<meta name=\"twitter:card\" content=\"summary_large_image\" \/>\n<meta name=\"twitter:label1\" content=\"Escrito por\" \/>\n\t<meta name=\"twitter:data1\" content=\"cobregon\" \/>\n\t<meta name=\"twitter:label2\" content=\"Tiempo de lectura\" \/>\n\t<meta name=\"twitter:data2\" content=\"2 minutos\" \/>\n<script type=\"application\/ld+json\" class=\"yoast-schema-graph\">{\"@context\":\"https:\/\/schema.org\",\"@graph\":[{\"@type\":\"Article\",\"@id\":\"https:\/\/arquitectura.udd.cl\/cic\/2023\/06\/23\/directora-del-cic-udd-se-integra-al-directorio-del-consejo-de-politicas-de-infraestructura\/#article\",\"isPartOf\":{\"@id\":\"https:\/\/arquitectura.udd.cl\/cic\/2023\/06\/23\/directora-del-cic-udd-se-integra-al-directorio-del-consejo-de-politicas-de-infraestructura\/\"},\"author\":{\"name\":\"cobregon\",\"@id\":\"https:\/\/arquitectura.udd.cl\/cic\/#\/schema\/person\/57f083da93216e68203d687897c20d72\"},\"headline\":\"Directora del CIC UDD se integra al directorio del Consejo de Pol\u00edticas de Infraestructura\",\"datePublished\":\"2023-06-23T20:37:00+00:00\",\"dateModified\":\"2024-09-02T20:38:50+00:00\",\"mainEntityOfPage\":{\"@id\":\"https:\/\/arquitectura.udd.cl\/cic\/2023\/06\/23\/directora-del-cic-udd-se-integra-al-directorio-del-consejo-de-politicas-de-infraestructura\/\"},\"wordCount\":180,\"image\":{\"@id\":\"https:\/\/arquitectura.udd.cl\/cic\/2023\/06\/23\/directora-del-cic-udd-se-integra-al-directorio-del-consejo-de-politicas-de-infraestructura\/#primaryimage\"},\"thumbnailUrl\":\"https:\/\/arquitectura.udd.cl\/cic\/files\/2024\/09\/cpi-imag-1.jpeg\",\"articleSection\":[\"Noticias\"],\"inLanguage\":\"es\"},{\"@type\":\"WebPage\",\"@id\":\"https:\/\/arquitectura.udd.cl\/cic\/2023\/06\/23\/directora-del-cic-udd-se-integra-al-directorio-del-consejo-de-politicas-de-infraestructura\/\",\"url\":\"https:\/\/arquitectura.udd.cl\/cic\/2023\/06\/23\/directora-del-cic-udd-se-integra-al-directorio-del-consejo-de-politicas-de-infraestructura\/\",\"name\":\"Directora del CIC UDD se integra al directorio del Consejo de Pol\u00edticas de Infraestructura - Centro de Innovaci\u00f3n en Ciudades UDD\",\"isPartOf\":{\"@id\":\"https:\/\/arquitectura.udd.cl\/cic\/#website\"},\"primaryImageOfPage\":{\"@id\":\"https:\/\/arquitectura.udd.cl\/cic\/2023\/06\/23\/directora-del-cic-udd-se-integra-al-directorio-del-consejo-de-politicas-de-infraestructura\/#primaryimage\"},\"image\":{\"@id\":\"https:\/\/arquitectura.udd.cl\/cic\/2023\/06\/23\/directora-del-cic-udd-se-integra-al-directorio-del-consejo-de-politicas-de-infraestructura\/#primaryimage\"},\"thumbnailUrl\":\"https:\/\/arquitectura.udd.cl\/cic\/files\/2024\/09\/cpi-imag-1.jpeg\",\"datePublished\":\"2023-06-23T20:37:00+00:00\",\"dateModified\":\"2024-09-02T20:38:50+00:00\",\"author\":{\"@id\":\"https:\/\/arquitectura.udd.cl\/cic\/#\/schema\/person\/57f083da93216e68203d687897c20d72\"},\"breadcrumb\":{\"@id\":\"https:\/\/arquitectura.udd.cl\/cic\/2023\/06\/23\/directora-del-cic-udd-se-integra-al-directorio-del-consejo-de-politicas-de-infraestructura\/#breadcrumb\"},\"inLanguage\":\"es\",\"potentialAction\":[{\"@type\":\"ReadAction\",\"target\":[\"https:\/\/arquitectura.udd.cl\/cic\/2023\/06\/23\/directora-del-cic-udd-se-integra-al-directorio-del-consejo-de-politicas-de-infraestructura\/\"]}]},{\"@type\":\"ImageObject\",\"inLanguage\":\"es\",\"@id\":\"https:\/\/arquitectura.udd.cl\/cic\/2023\/06\/23\/directora-del-cic-udd-se-integra-al-directorio-del-consejo-de-politicas-de-infraestructura\/#primaryimage\",\"url\":\"https:\/\/arquitectura.udd.cl\/cic\/files\/2024\/09\/cpi-imag-1.jpeg\",\"contentUrl\":\"https:\/\/arquitectura.udd.cl\/cic\/files\/2024\/09\/cpi-imag-1.jpeg\",\"width\":1280,\"height\":960},{\"@type\":\"BreadcrumbList\",\"@id\":\"https:\/\/arquitectura.udd.cl\/cic\/2023\/06\/23\/directora-del-cic-udd-se-integra-al-directorio-del-consejo-de-politicas-de-infraestructura\/#breadcrumb\",\"itemListElement\":[{\"@type\":\"ListItem\",\"position\":1,\"name\":\"Portada\",\"item\":\"https:\/\/arquitectura.udd.cl\/cic\/\"},{\"@type\":\"ListItem\",\"position\":2,\"name\":\"Directora del CIC UDD se integra al directorio del Consejo de Pol\u00edticas de Infraestructura\"}]},{\"@type\":\"WebSite\",\"@id\":\"https:\/\/arquitectura.udd.cl\/cic\/#website\",\"url\":\"https:\/\/arquitectura.udd.cl\/cic\/\",\"name\":\"Centro de Innovaci\u00f3n en Ciudades UDD\",\"description\":\"\",\"inLanguage\":\"es\"},{\"@type\":\"Person\",\"@id\":\"https:\/\/arquitectura.udd.cl\/cic\/#\/schema\/person\/57f083da93216e68203d687897c20d72\",\"name\":\"cobregon\",\"image\":{\"@type\":\"ImageObject\",\"inLanguage\":\"es\",\"@id\":\"https:\/\/arquitectura.udd.cl\/cic\/#\/schema\/person\/image\/\",\"url\":\"https:\/\/secure.gravatar.com\/avatar\/f692f506aa28f46a9adc212c65edfecb7befb380f9419de99c43a8b98fd5177c?s=96&d=mm&r=g\",\"contentUrl\":\"https:\/\/secure.gravatar.com\/avatar\/f692f506aa28f46a9adc212c65edfecb7befb380f9419de99c43a8b98fd5177c?s=96&d=mm&r=g\",\"caption\":\"cobregon\"},\"url\":\"https:\/\/arquitectura.udd.cl\/cic\/author\/cobregon\/\"}]}<\/script>\n<!-- \/ Yoast SEO plugin. -->","yoast_head_json":{"title":"Directora del CIC UDD se integra al directorio del Consejo de Pol\u00edticas de Infraestructura - Centro de Innovaci\u00f3n en Ciudades UDD","robots":{"index":"index","follow":"follow","max-snippet":"max-snippet:-1","max-image-preview":"max-image-preview:large","max-video-preview":"max-video-preview:-1"},"canonical":"https:\/\/arquitectura.udd.cl\/cic\/2023\/06\/23\/directora-del-cic-udd-se-integra-al-directorio-del-consejo-de-politicas-de-infraestructura\/","og_locale":"es_ES","og_type":"article","og_title":"Directora del CIC UDD se integra al directorio del Consejo de Pol\u00edticas de Infraestructura - Centro de Innovaci\u00f3n en Ciudades UDD","og_description":"Francisca Astaburuaga, directora del Centro de Innovaci\u00f3n en Ciudades (CIC) de la Facultad de Arquitectura y Arte de la Universidad del Desarrollo, fue elegida para formar parte del directorio del Consejo de Pol\u00edticas de Infraestructura (CPI), entidad que busca proponer a los gobiernos distintos tipos de pol\u00edticas p\u00fablicas de largo plazo que fomenten mejores pr\u00e1cticas [&hellip;]","og_url":"https:\/\/arquitectura.udd.cl\/cic\/2023\/06\/23\/directora-del-cic-udd-se-integra-al-directorio-del-consejo-de-politicas-de-infraestructura\/","og_site_name":"Centro de Innovaci\u00f3n en Ciudades UDD","article_published_time":"2023-06-23T20:37:00+00:00","article_modified_time":"2024-09-02T20:38:50+00:00","og_image":[{"width":1280,"height":960,"url":"https:\/\/arquitectura.udd.cl\/cic\/files\/2024\/09\/cpi-imag-1.jpeg","type":"image\/jpeg"}],"author":"cobregon","twitter_card":"summary_large_image","twitter_misc":{"Escrito por":"cobregon","Tiempo de lectura":"2 minutos"},"schema":{"@context":"https:\/\/schema.org","@graph":[{"@type":"Article","@id":"https:\/\/arquitectura.udd.cl\/cic\/2023\/06\/23\/directora-del-cic-udd-se-integra-al-directorio-del-consejo-de-politicas-de-infraestructura\/#article","isPartOf":{"@id":"https:\/\/arquitectura.udd.cl\/cic\/2023\/06\/23\/directora-del-cic-udd-se-integra-al-directorio-del-consejo-de-politicas-de-infraestructura\/"},"author":{"name":"cobregon","@id":"https:\/\/arquitectura.udd.cl\/cic\/#\/schema\/person\/57f083da93216e68203d687897c20d72"},"headline":"Directora del CIC UDD se integra al directorio del Consejo de Pol\u00edticas de Infraestructura","datePublished":"2023-06-23T20:37:00+00:00","dateModified":"2024-09-02T20:38:50+00:00","mainEntityOfPage":{"@id":"https:\/\/arquitectura.udd.cl\/cic\/2023\/06\/23\/directora-del-cic-udd-se-integra-al-directorio-del-consejo-de-politicas-de-infraestructura\/"},"wordCount":180,"image":{"@id":"https:\/\/arquitectura.udd.cl\/cic\/2023\/06\/23\/directora-del-cic-udd-se-integra-al-directorio-del-consejo-de-politicas-de-infraestructura\/#primaryimage"},"thumbnailUrl":"https:\/\/arquitectura.udd.cl\/cic\/files\/2024\/09\/cpi-imag-1.jpeg","articleSection":["Noticias"],"inLanguage":"es"},{"@type":"WebPage","@id":"https:\/\/arquitectura.udd.cl\/cic\/2023\/06\/23\/directora-del-cic-udd-se-integra-al-directorio-del-consejo-de-politicas-de-infraestructura\/","url":"https:\/\/arquitectura.udd.cl\/cic\/2023\/06\/23\/directora-del-cic-udd-se-integra-al-directorio-del-consejo-de-politicas-de-infraestructura\/","name":"Directora del CIC UDD se integra al directorio del Consejo de Pol\u00edticas de Infraestructura - Centro de Innovaci\u00f3n en Ciudades UDD","isPartOf":{"@id":"https:\/\/arquitectura.udd.cl\/cic\/#website"},"primaryImageOfPage":{"@id":"https:\/\/arquitectura.udd.cl\/cic\/2023\/06\/23\/directora-del-cic-udd-se-integra-al-directorio-del-consejo-de-politicas-de-infraestructura\/#primaryimage"},"image":{"@id":"https:\/\/arquitectura.udd.cl\/cic\/2023\/06\/23\/directora-del-cic-udd-se-integra-al-directorio-del-consejo-de-politicas-de-infraestructura\/#primaryimage"},"thumbnailUrl":"https:\/\/arquitectura.udd.cl\/cic\/files\/2024\/09\/cpi-imag-1.jpeg","datePublished":"2023-06-23T20:37:00+00:00","dateModified":"2024-09-02T20:38:50+00:00","author":{"@id":"https:\/\/arquitectura.udd.cl\/cic\/#\/schema\/person\/57f083da93216e68203d687897c20d72"},"breadcrumb":{"@id":"https:\/\/arquitectura.udd.cl\/cic\/2023\/06\/23\/directora-del-cic-udd-se-integra-al-directorio-del-consejo-de-politicas-de-infraestructura\/#breadcrumb"},"inLanguage":"es","potentialAction":[{"@type":"ReadAction","target":["https:\/\/arquitectura.udd.cl\/cic\/2023\/06\/23\/directora-del-cic-udd-se-integra-al-directorio-del-consejo-de-politicas-de-infraestructura\/"]}]},{"@type":"ImageObject","inLanguage":"es","@id":"https:\/\/arquitectura.udd.cl\/cic\/2023\/06\/23\/directora-del-cic-udd-se-integra-al-directorio-del-consejo-de-politicas-de-infraestructura\/#primaryimage","url":"https:\/\/arquitectura.udd.cl\/cic\/files\/2024\/09\/cpi-imag-1.jpeg","contentUrl":"https:\/\/arquitectura.udd.cl\/cic\/files\/2024\/09\/cpi-imag-1.jpeg","width":1280,"height":960},{"@type":"BreadcrumbList","@id":"https:\/\/arquitectura.udd.cl\/cic\/2023\/06\/23\/directora-del-cic-udd-se-integra-al-directorio-del-consejo-de-politicas-de-infraestructura\/#breadcrumb","itemListElement":[{"@type":"ListItem","position":1,"name":"Portada","item":"https:\/\/arquitectura.udd.cl\/cic\/"},{"@type":"ListItem","position":2,"name":"Directora del CIC UDD se integra al directorio del Consejo de Pol\u00edticas de Infraestructura"}]},{"@type":"WebSite","@id":"https:\/\/arquitectura.udd.cl\/cic\/#website","url":"https:\/\/arquitectura.udd.cl\/cic\/","name":"Centro de Innovaci\u00f3n en Ciudades UDD","description":"","inLanguage":"es"},{"@type":"Person","@id":"https:\/\/arquitectura.udd.cl\/cic\/#\/schema\/person\/57f083da93216e68203d687897c20d72","name":"cobregon","image":{"@type":"ImageObject","inLanguage":"es","@id":"https:\/\/arquitectura.udd.cl\/cic\/#\/schema\/person\/image\/","url":"https:\/\/secure.gravatar.com\/avatar\/f692f506aa28f46a9adc212c65edfecb7befb380f9419de99c43a8b98fd5177c?s=96&d=mm&r=g","contentUrl":"https:\/\/secure.gravatar.com\/avatar\/f692f506aa28f46a9adc212c65edfecb7befb380f9419de99c43a8b98fd5177c?s=96&d=mm&r=g","caption":"cobregon"},"url":"https:\/\/arquitectura.udd.cl\/cic\/author\/cobregon\/"}]}},"featured_image_url":"https:\/\/arquitectura.udd.cl\/cic\/files\/2024\/09\/cpi-imag-1.jpeg","_links":{"self":[{"href":"https:\/\/arquitectura.udd.cl\/cic\/wp-json\/wp\/v2\/posts\/1602","targetHints":{"allow":["GET"]}}],"collection":[{"href":"https:\/\/arquitectura.udd.cl\/cic\/wp-json\/wp\/v2\/posts"}],"about":[{"href":"https:\/\/arquitectura.udd.cl\/cic\/wp-json\/wp\/v2\/types\/post"}],"author":[{"embeddable":true,"href":"https:\/\/arquitectura.udd.cl\/cic\/wp-json\/wp\/v2\/users\/9192204"}],"replies":[{"embeddable":true,"href":"https:\/\/arquitectura.udd.cl\/cic\/wp-json\/wp\/v2\/comments?post=1602"}],"version-history":[{"count":1,"href":"https:\/\/arquitectura.udd.cl\/cic\/wp-json\/wp\/v2\/posts\/1602\/revisions"}],"predecessor-version":[{"id":1604,"href":"https:\/\/arquitectura.udd.cl\/cic\/wp-json\/wp\/v2\/posts\/1602\/revisions\/1604"}],"wp:featuredmedia":[{"embeddable":true,"href":"https:\/\/arquitectura.udd.cl\/cic\/wp-json\/wp\/v2\/media\/1603"}],"wp:attachment":[{"href":"https:\/\/arquitectura.udd.cl\/cic\/wp-json\/wp\/v2\/media?parent=1602"}],"wp:term":[{"taxonomy":"category","embeddable":true,"href":"https:\/\/arquitectura.udd.cl\/cic\/wp-json\/wp\/v2\/categories?post=1602"},{"taxonomy":"post_tag","embeddable":true,"href":"https:\/\/arquitectura.udd.cl\/cic\/wp-json\/wp\/v2\/tags?post=1602"}],"curies":[{"name":"wp","href":"https:\/\/api.w.org\/{rel}","templated":true}]}}